{"id":46007,"date":"2015-09-07T17:46:23","date_gmt":"2015-09-07T14:46:23","guid":{"rendered":"http:\/\/sana.sy\/tr\/?p=46007"},"modified":"2015-09-07T17:47:17","modified_gmt":"2015-09-07T14:47:17","slug":"haseke-kirsalindaki-irakli-magdurlara-insani-yardim-dagitildi","status":"publish","type":"post","link":"https:\/\/archive.sana.sy\/tr\/?p=46007","title":{"rendered":"Haseke K\u0131rsal\u0131ndaki Irakl\u0131 Ma\u011fdurlara \u0130nsan\u0131 Yard\u0131m Da\u011f\u0131t\u0131ld\u0131"},"content":{"rendered":"<p>HASEKE \u2013 \u0130nsan\u0131 Yard\u0131m Y\u00fcksek Komisyonunun Haseke\u2019deki alt komitesi ge\u00e7en hafta i\u00e7inde BM\u2019ye tabi UNICEF ve BM M\u00fclteciler Y\u00fcksek Komiserli\u011finin takdim ettikleri 14 bin yard\u0131m paketini Haseke ilindeki ter\u00f6r ma\u011fduru ailelere da\u011f\u0131tt\u0131.<\/p>\n<p>Haseke\u2019de Sosyal \u0130\u015fler \u0130l M\u00fcd\u00fcr\u00fc \u0130sam el H\u00fcseyin SANA muhabirine a\u00e7\u0131klamas\u0131nda insan\u0131 yard\u0131mc\u0131lar\u0131n Haseke Kentinde bulunan ter\u00f6r ma\u011fdurlar\u0131na ilaveten Maliki k\u0131rsal\u0131ndaki Ayn el Hadra Kamp\u0131nda mevcut Irakl\u0131 m\u00fcltecilere da\u011f\u0131t\u0131ld\u0131\u011f\u0131n\u0131 ifade etti.<\/p>\n<p>BM M\u00fclteciler Y\u00fcksek Komiserli\u011fi ge\u00e7en ay; Haseke \u0130lindeki ter\u00f6r ma\u011fdurlar\u0131na da\u011f\u0131t\u0131lmak \u00fczere Nusaybin S\u0131n\u0131r Kap\u0131s\u0131 \u00fczerinden 51 bin yard\u0131m paketi g\u00f6ndermi\u015fti.<\/p>\n<p>M.M. &#8211; A.A.<\/p>\n","protected":false},"excerpt":{"rendered":"<p>HASEKE \u2013 \u0130nsan\u0131 Yard\u0131m Y\u00fcksek Komisyonunun Haseke\u2019deki alt komitesi ge\u00e7en hafta i\u00e7inde BM\u2019ye tabi UNICEF ve BM M\u00fclteciler Y\u00fcksek Komiserli\u011finin takdim ettikleri 14 bin yard\u0131m paketini Haseke ilindeki ter\u00f6r ma\u011fduru ailelere da\u011f\u0131tt\u0131. Haseke\u2019de Sosyal \u0130\u015fler \u0130l M\u00fcd\u00fcr\u00fc \u0130sam el H\u00fcseyin SANA muhabirine a\u00e7\u0131klamas\u0131nda insan\u0131 yard\u0131mc\u0131lar\u0131n Haseke Kentinde bulunan ter\u00f6r ma\u011fdurlar\u0131na ilaveten Maliki k\u0131rsal\u0131ndaki Ayn el &hellip;<\/p>\n","protected":false},"author":1,"featured_media":42719,"comment_status":"closed","ping_status":"closed","sticky":false,"template":"","format":"standard","meta":{"footnotes":""},"categories":[479,478],"tags":[],"class_list":["post-46007","post","type-post","status-publish","format-standard","has-post-thumbnail","","category-haberler-yerel","category-yerel"],"_links":{"self":[{"href":"https:\/\/archive.sana.sy\/tr\/index.php?rest_route=\/wp\/v2\/posts\/46007","targetHints":{"allow":["GET"]}}],"collection":[{"href":"https:\/\/archive.sana.sy\/tr\/index.php?rest_route=\/wp\/v2\/posts"}],"about":[{"href":"https:\/\/archive.sana.sy\/tr\/index.php?rest_route=\/wp\/v2\/types\/post"}],"author":[{"embeddable":true,"href":"https:\/\/archive.sana.sy\/tr\/index.php?rest_route=\/wp\/v2\/users\/1"}],"replies":[{"embeddable":true,"href":"https:\/\/archive.sana.sy\/tr\/index.php?rest_route=%2Fwp%2Fv2%2Fcomments&post=46007"}],"version-history":[{"count":0,"href":"https:\/\/archive.sana.sy\/tr\/index.php?rest_route=\/wp\/v2\/posts\/46007\/revisions"}],"wp:featuredmedia":[{"embeddable":true,"href":"https:\/\/archive.sana.sy\/tr\/index.php?rest_route=\/wp\/v2\/media\/42719"}],"wp:attachment":[{"href":"https:\/\/archive.sana.sy\/tr\/index.php?rest_route=%2Fwp%2Fv2%2Fmedia&parent=46007"}],"wp:term":[{"taxonomy":"category","embeddable":true,"href":"https:\/\/archive.sana.sy\/tr\/index.php?rest_route=%2Fwp%2Fv2%2Fcategories&post=46007"},{"taxonomy":"post_tag","embeddable":true,"href":"https:\/\/archive.sana.sy\/tr\/index.php?rest_route=%2Fwp%2Fv2%2Ftags&post=46007"}],"curies":[{"name":"wp","href":"https:\/\/api.w.org\/{rel}","templated":true}]}}