{"id":46009,"date":"2015-09-07T17:49:04","date_gmt":"2015-09-07T14:49:04","guid":{"rendered":"http:\/\/sana.sy\/tr\/?p=46009"},"modified":"2015-09-07T17:51:07","modified_gmt":"2015-09-07T14:51:07","slug":"aldigim-bu-odul-onemli-bir-mesaj-tasiyor","status":"publish","type":"post","link":"https:\/\/archive.sana.sy\/tr\/?p=46009","title":{"rendered":"Ald\u0131\u011f\u0131m Bu \u00d6d\u00fcl, \u00d6nemli Bir Mesaj Ta\u015f\u0131yor"},"content":{"rendered":"<p>\u015eAM \u2013 \u0130slami \u0130nsan Haklar\u0131 Komitesi bu y\u0131lki \u00f6d\u00fcl\u00fcn\u00fc Cumhuriyet Ba\u015f M\u00fcft\u00fcs\u00fc Ahmet Bedrettin Hassun\u2019a verdi.<\/p>\n<p><a href=\"http:\/\/sana.sy\/tr\/wp-content\/uploads\/2015\/09\/Hassun-1.jpg\"><img loading=\"lazy\" decoding=\"async\" class=\"alignright wp-image-46012 size-medium\" src=\"http:\/\/sana.sy\/tr\/wp-content\/uploads\/2015\/09\/Hassun-1-300x197.jpg\" alt=\"Hassun 1\" width=\"300\" height=\"197\" srcset=\"https:\/\/archive.sana.sy\/tr\/wp-content\/uploads\/2015\/09\/Hassun-1-300x197.jpg 300w, https:\/\/archive.sana.sy\/tr\/wp-content\/uploads\/2015\/09\/Hassun-1-150x98.jpg 150w, https:\/\/archive.sana.sy\/tr\/wp-content\/uploads\/2015\/09\/Hassun-1-1024x671.jpg 1024w\" sizes=\"auto, (max-width: 300px) 100vw, 300px\" \/><\/a>Ba\u015f M\u00fcft\u00fc Hassun \u00f6d\u00fcl\u00fc teslim almas\u0131 ard\u0131ndan bug\u00fcn bas\u0131na yapt\u0131\u011f\u0131 a\u00e7\u0131klamada; \u0130slam\u2019\u0131n sevgi ve rahmet dini oldu\u011funu belirtti. Hassun bu \u00f6d\u00fcl\u00fcn; din abas\u0131n\u0131 giyinen, \u00f6l\u00fcm, y\u0131k\u0131m ve fitne yayanlara bir mesaj oldu\u011funu ifade ederken; ger\u00e7ek \u0130slam dini abas\u0131n\u0131 giyinenlerin Hz peygamberi \u00f6rnek almalar\u0131 ve insanlara rahmetli olmalar\u0131 gerekti\u011fini vurgulad\u0131.<\/p>\n<p>\u0130slam abas\u0131 giyinenlerin uydu kanallar\u0131 kar\u015f\u0131s\u0131nda durup insanlar\u0131n din ad\u0131na \u00f6ld\u00fcr\u00fclmesine \u00e7a\u011f\u0131rmamas\u0131 gerekti\u011fini belirten Hassun; semavi dinlerin t\u00fcm\u00fcn\u00fcn insan\u0131n ya\u015fam\u0131n\u0131 kutsad\u0131\u011f\u0131n\u0131 belirtti. Hassun ald\u0131\u011f\u0131 \u00f6d\u00fcl\u00fcn, \u0130slam dinini ter\u00f6r, \u00f6l\u00fcm, y\u0131k\u0131m ve k\u0131l\u0131\u00e7 olarak lanse etmeye \u00e7al\u0131\u015fanlara, \u0130slam dini ve de\u011ferlerini hedef alan sald\u0131r\u0131ya bir cevap oldu\u011funu vurgulad\u0131.<\/p>\n<p><a href=\"http:\/\/sana.sy\/tr\/wp-content\/uploads\/2015\/09\/Hassun-2.jpg\"><img loading=\"lazy\" decoding=\"async\" class=\"alignright wp-image-46014 size-medium\" src=\"http:\/\/sana.sy\/tr\/wp-content\/uploads\/2015\/09\/Hassun-2-300x207.jpg\" alt=\"Hassun 2\" width=\"300\" height=\"207\" srcset=\"https:\/\/archive.sana.sy\/tr\/wp-content\/uploads\/2015\/09\/Hassun-2-300x207.jpg 300w, https:\/\/archive.sana.sy\/tr\/wp-content\/uploads\/2015\/09\/Hassun-2-150x104.jpg 150w, https:\/\/archive.sana.sy\/tr\/wp-content\/uploads\/2015\/09\/Hassun-2-1024x707.jpg 1024w\" sizes=\"auto, (max-width: 300px) 100vw, 300px\" \/><\/a>Cumhuriyet Ba\u015f M\u00fcft\u00fcs\u00fc Hassun; \u0130slami \u0130nsan Haklar\u0131 Komitesinin bu \u00f6d\u00fcl\u00fc Suriye&#8217;ye vermesinin; be\u015f y\u0131la yak\u0131n s\u00fcredir Suriye&#8217;yi devleti, h\u00fck\u00fcmeti, ordusu, halk\u0131, medeniyeti, tarihi ve her \u015feyi ile hedef almaya \u00e7al\u0131\u015fanlara a\u00e7\u0131k bir mesaj niteli\u011finde oldu\u011funun alt\u0131n\u0131 \u00e7izdi. Suriye&#8217;de ter\u00f6r\u00fc destekleyen devletlerin Cenevre&#8217;deki \u0130nsan Haklar\u0131 Konseyinin t\u00fcm bu ter\u00f6r ve vah\u015fete ek olarak ter\u00f6rden ka\u00e7an Suriyeli binlerce kad\u0131n, \u00e7ocuk ve erke\u011fin denizlerde bo\u011fulduklar\u0131n\u0131 g\u00f6rmesiyle sessiz kald\u0131\u011f\u0131na dikkat \u00e7ekti.<\/p>\n<p>\u00d6d\u00fcl\u00fc teslim eden \u0130ran\u2019\u0131n \u015eam B\u00fcy\u00fckel\u00e7isi Muhammed R\u0131za \u015eeybani; \u0130slam alemi aras\u0131nda saflar\u0131 birle\u015ftirmenin yan\u0131 s\u0131ra tekfircilik ve radikalli\u011fe, \u0130slam dininin ger\u00e7ek ilke ve derlerinin \u00e7arp\u0131t\u0131lmas\u0131n\u0131 \u00f6nleyen yo\u011fun \u00e7abalar\u0131ndan dolay\u0131 \u00f6d\u00fcl\u00fcn Suriye Ba\u015f M\u00fcft\u00fcs\u00fc Hassun\u2019a verilmesinin \u0130slami \u0130nsan Haklar\u0131 Komitesi taraf\u0131ndan kararla\u015ft\u0131r\u0131ld\u0131\u011f\u0131n\u0131 a\u00e7\u0131klad\u0131.<\/p>\n","protected":false},"excerpt":{"rendered":"<p>\u015eAM \u2013 \u0130slami \u0130nsan Haklar\u0131 Komitesi bu y\u0131lki \u00f6d\u00fcl\u00fcn\u00fc Cumhuriyet Ba\u015f M\u00fcft\u00fcs\u00fc Ahmet Bedrettin Hassun\u2019a verdi. Ba\u015f M\u00fcft\u00fc Hassun \u00f6d\u00fcl\u00fc teslim almas\u0131 ard\u0131ndan bug\u00fcn bas\u0131na yapt\u0131\u011f\u0131 a\u00e7\u0131klamada; \u0130slam\u2019\u0131n sevgi ve rahmet dini oldu\u011funu belirtti. Hassun bu \u00f6d\u00fcl\u00fcn; din abas\u0131n\u0131 giyinen, \u00f6l\u00fcm, y\u0131k\u0131m ve fitne yayanlara bir mesaj oldu\u011funu ifade ederken; ger\u00e7ek \u0130slam dini abas\u0131n\u0131 giyinenlerin &hellip;<\/p>\n","protected":false},"author":1,"featured_media":46010,"comment_status":"closed","ping_status":"closed","sticky":false,"template":"","format":"standard","meta":{"footnotes":""},"categories":[479,447,478],"tags":[16619,16620],"class_list":["post-46009","post","type-post","status-publish","format-standard","has-post-thumbnail","","category-haberler-yerel","category-politika","category-yerel","tag-aldigim-bu-odul","tag-onemli-bir-mesaj-tasiyor"],"_links":{"self":[{"href":"https:\/\/archive.sana.sy\/tr\/index.php?rest_route=\/wp\/v2\/posts\/46009","targetHints":{"allow":["GET"]}}],"collection":[{"href":"https:\/\/archive.sana.sy\/tr\/index.php?rest_route=\/wp\/v2\/posts"}],"about":[{"href":"https:\/\/archive.sana.sy\/tr\/index.php?rest_route=\/wp\/v2\/types\/post"}],"author":[{"embeddable":true,"href":"https:\/\/archive.sana.sy\/tr\/index.php?rest_route=\/wp\/v2\/users\/1"}],"replies":[{"embeddable":true,"href":"https:\/\/archive.sana.sy\/tr\/index.php?rest_route=%2Fwp%2Fv2%2Fcomments&post=46009"}],"version-history":[{"count":0,"href":"https:\/\/archive.sana.sy\/tr\/index.php?rest_route=\/wp\/v2\/posts\/46009\/revisions"}],"wp:featuredmedia":[{"embeddable":true,"href":"https:\/\/archive.sana.sy\/tr\/index.php?rest_route=\/wp\/v2\/media\/46010"}],"wp:attachment":[{"href":"https:\/\/archive.sana.sy\/tr\/index.php?rest_route=%2Fwp%2Fv2%2Fmedia&parent=46009"}],"wp:term":[{"taxonomy":"category","embeddable":true,"href":"https:\/\/archive.sana.sy\/tr\/index.php?rest_route=%2Fwp%2Fv2%2Fcategories&post=46009"},{"taxonomy":"post_tag","embeddable":true,"href":"https:\/\/archive.sana.sy\/tr\/index.php?rest_route=%2Fwp%2Fv2%2Ftags&post=46009"}],"curies":[{"name":"wp","href":"https:\/\/api.w.org\/{rel}","templated":true}]}}