{"id":4603,"date":"2014-07-05T11:54:16","date_gmt":"2014-07-05T08:54:16","guid":{"rendered":"http:\/\/www.sana.sy\/tr\/?p=4603"},"modified":"2014-07-05T11:54:16","modified_gmt":"2014-07-05T08:54:16","slug":"askeri-kaynak-sanaya-aciklamasinda-ordu-ve-silahli-kuvvetlerimize-tabi-birliklerin-homs-kirsali-um-sersuh-ve-cevresinde-teroristlerin-toplanma-merkezlerini-hedef-alarak-10-teroristi-oldurdukl","status":"publish","type":"post","link":"https:\/\/archive.sana.sy\/tr\/?p=4603","title":{"rendered":"Askeri kaynak SANA\u2019ya a\u00e7\u0131klamas\u0131nda ordu ve silahl\u0131 kuvvetlerimize tabi birliklerin Homs k\u0131rsal\u0131 Um \u015eer\u015fuh ve \u00e7evresinde ter\u00f6ristlerin toplanma merkezlerini hedef alarak 10 ter\u00f6risti \u00f6ld\u00fcrd\u00fcklerini ara\u00e7lar\u0131n\u0131 da imha etti\u011fini s\u00f6yledi."},"content":{"rendered":"<p>Askeri kaynak SANA\u2019ya a\u00e7\u0131klamas\u0131nda ordu ve silahl\u0131 kuvvetlerimize tabi birliklerin Homs k\u0131rsal\u0131 Um \u015eer\u015fuh ve \u00e7evresinde ter\u00f6ristlerin toplanma merkezlerini hedef alarak 10 ter\u00f6risti \u00f6ld\u00fcrd\u00fcklerini ara\u00e7lar\u0131n\u0131 da imha etti\u011fini s\u00f6yledi.<\/p>\n","protected":false},"excerpt":{"rendered":"<p>Askeri kaynak SANA\u2019ya a\u00e7\u0131klamas\u0131nda ordu ve silahl\u0131 kuvvetlerimize tabi birliklerin Homs k\u0131rsal\u0131 Um \u015eer\u015fuh ve \u00e7evresinde ter\u00f6ristlerin toplanma merkezlerini hedef alarak 10 ter\u00f6risti \u00f6ld\u00fcrd\u00fcklerini ara\u00e7lar\u0131n\u0131 da imha etti\u011fini s\u00f6yledi.<\/p>\n","protected":false},"author":1,"featured_media":0,"comment_status":"closed","ping_status":"closed","sticky":false,"template":"","format":"standard","meta":{"footnotes":""},"categories":[1],"tags":[1005],"class_list":["post-4603","post","type-post","status-publish","format-standard","","category-news-not-sorted","tag-askeri-kaynak-sanaya-aciklamasinda-ordu-ve-silahli-kuvvetlerimize-tabi-birliklerin-homs-kirsali-um-sersuh-ve-cevresinde-teroristlerin-toplanma-merkezlerini-hedef-alarak-10-teroristi-oldurdukl"],"_links":{"self":[{"href":"https:\/\/archive.sana.sy\/tr\/index.php?rest_route=\/wp\/v2\/posts\/4603","targetHints":{"allow":["GET"]}}],"collection":[{"href":"https:\/\/archive.sana.sy\/tr\/index.php?rest_route=\/wp\/v2\/posts"}],"about":[{"href":"https:\/\/archive.sana.sy\/tr\/index.php?rest_route=\/wp\/v2\/types\/post"}],"author":[{"embeddable":true,"href":"https:\/\/archive.sana.sy\/tr\/index.php?rest_route=\/wp\/v2\/users\/1"}],"replies":[{"embeddable":true,"href":"https:\/\/archive.sana.sy\/tr\/index.php?rest_route=%2Fwp%2Fv2%2Fcomments&post=4603"}],"version-history":[{"count":0,"href":"https:\/\/archive.sana.sy\/tr\/index.php?rest_route=\/wp\/v2\/posts\/4603\/revisions"}],"wp:attachment":[{"href":"https:\/\/archive.sana.sy\/tr\/index.php?rest_route=%2Fwp%2Fv2%2Fmedia&parent=4603"}],"wp:term":[{"taxonomy":"category","embeddable":true,"href":"https:\/\/archive.sana.sy\/tr\/index.php?rest_route=%2Fwp%2Fv2%2Fcategories&post=4603"},{"taxonomy":"post_tag","embeddable":true,"href":"https:\/\/archive.sana.sy\/tr\/index.php?rest_route=%2Fwp%2Fv2%2Ftags&post=4603"}],"curies":[{"name":"wp","href":"https:\/\/api.w.org\/{rel}","templated":true}]}}