{"id":46034,"date":"2015-09-07T20:18:51","date_gmt":"2015-09-07T17:18:51","guid":{"rendered":"http:\/\/sana.sy\/tr\/?p=46034"},"modified":"2015-09-07T20:18:51","modified_gmt":"2015-09-07T17:18:51","slug":"baska-devletlerin-balkanlarini-atama-ya-da-gorevden-alma-cabamiz-yoktur","status":"publish","type":"post","link":"https:\/\/archive.sana.sy\/tr\/?p=46034","title":{"rendered":"Ba\u015fka Devletlerin Balkanlar\u0131n\u0131 Atama ya da G\u00f6revden Alma \u00c7abam\u0131z Yoktur"},"content":{"rendered":"<p>MOSKOVA \u2013 Rusya D\u0131\u015fi\u015fleri Bakanl\u0131\u011f\u0131 S\u00f6zc\u00fcs\u00fc Maria Zakharova Avrupal\u0131 bir k\u0131s\u0131m medya ara\u00e7lar\u0131n\u0131n, \u2018Rusya&#8217;n\u0131n Suriye&#8217;ye ili\u015fkin tutumunun de\u011fi\u015fti\u011fi iddialar\u0131na\u2019 cevaben; bu haberlerin asl\u0131 ger\u00e7e\u011fi olmad\u0131\u011f\u0131n\u0131, Moskova&#8217;n\u0131n Suriye konusundaki tutum ve politikalar\u0131n\u0131n sabit ve ilkeli oldu\u011funu bir kez daha vurgulad\u0131.<\/p>\n<p>Zakharova Avrupal\u0131lar\u0131n tutumlar\u0131na i\u015faretle \u201cRusya&#8217;n\u0131n, ba\u015fka devletlerin ba\u015fkanlar\u0131n\u0131 atama yada g\u00f6revden alma gibi bir \u00e7abas\u0131 olmad\u0131 ve olmayacak. Bizler ba\u015fka \u00fclkelerin sosyal m\u00fchendisli\u011fini yapmay\u0131z. Bu tutum ve ilkeleri Suriye i\u00e7in de ge\u00e7erlidir. Suriye halk\u0131n\u0131n kendi gelece\u011fini kendi elleriyle yap\u0131land\u0131rma g\u00fcc\u00fcne sahip oldu\u011fu kanaatindeyiz&#8230;\u201d ifadesini kulland\u0131.<\/p>\n<p>Zakharova Bat\u0131l\u0131 kimi devletlerin yan\u0131 s\u0131ra bir k\u0131s\u0131m b\u00f6lge devletlerinin Ortado\u011fu\u2019da egemen ve ba\u011f\u0131ms\u0131z devletlerin i\u00e7i\u015flerine apa\u00e7\u0131k m\u00fcdahalelerinin bu devletlerde istikrar ve g\u00fcvenli\u011fin sabote edilmesine yol a\u00e7t\u0131\u011f\u0131n\u0131 belirtti. Bunun sonucunda da Avrupa\u2019 yak\u0131nlar\u0131nda ter\u00f6r ve \u015fiddetin de yay\u0131ld\u0131\u011f\u0131n\u0131 ifade eden Zakharova; m\u00fclteciler meselesinin as\u0131l nedeninin de bu oldu\u011funa i\u015faret etti.<\/p>\n<p>Zakharova Avrupal\u0131 kimi yetkililerin kendi dar \u00e7\u0131karlar\u0131 i\u00e7in kendi halklar\u0131n\u0131n ve d\u00fcnya halklar\u0131n\u0131n g\u00fcvenli\u011fini tehlikeye soktuklar\u0131n\u0131 belirtti.<\/p>\n","protected":false},"excerpt":{"rendered":"<p>MOSKOVA \u2013 Rusya D\u0131\u015fi\u015fleri Bakanl\u0131\u011f\u0131 S\u00f6zc\u00fcs\u00fc Maria Zakharova Avrupal\u0131 bir k\u0131s\u0131m medya ara\u00e7lar\u0131n\u0131n, \u2018Rusya&#8217;n\u0131n Suriye&#8217;ye ili\u015fkin tutumunun de\u011fi\u015fti\u011fi iddialar\u0131na\u2019 cevaben; bu haberlerin asl\u0131 ger\u00e7e\u011fi olmad\u0131\u011f\u0131n\u0131, Moskova&#8217;n\u0131n Suriye konusundaki tutum ve politikalar\u0131n\u0131n sabit ve ilkeli oldu\u011funu bir kez daha vurgulad\u0131. Zakharova Avrupal\u0131lar\u0131n tutumlar\u0131na i\u015faretle \u201cRusya&#8217;n\u0131n, ba\u015fka devletlerin ba\u015fkanlar\u0131n\u0131 atama yada g\u00f6revden alma gibi bir \u00e7abas\u0131 olmad\u0131 &hellip;<\/p>\n","protected":false},"author":1,"featured_media":46035,"comment_status":"closed","ping_status":"closed","sticky":false,"template":"","format":"standard","meta":{"footnotes":""},"categories":[458,459,447],"tags":[16623],"class_list":["post-46034","post","type-post","status-publish","format-standard","has-post-thumbnail","","category-dunya1","category-haberler-arap-uluslararasi-politika","category-politika","tag-baska-devletlerin-balkanlarini-atama-ya-da-gorevden-alma-cabamiz-yoktur"],"_links":{"self":[{"href":"https:\/\/archive.sana.sy\/tr\/index.php?rest_route=\/wp\/v2\/posts\/46034","targetHints":{"allow":["GET"]}}],"collection":[{"href":"https:\/\/archive.sana.sy\/tr\/index.php?rest_route=\/wp\/v2\/posts"}],"about":[{"href":"https:\/\/archive.sana.sy\/tr\/index.php?rest_route=\/wp\/v2\/types\/post"}],"author":[{"embeddable":true,"href":"https:\/\/archive.sana.sy\/tr\/index.php?rest_route=\/wp\/v2\/users\/1"}],"replies":[{"embeddable":true,"href":"https:\/\/archive.sana.sy\/tr\/index.php?rest_route=%2Fwp%2Fv2%2Fcomments&post=46034"}],"version-history":[{"count":0,"href":"https:\/\/archive.sana.sy\/tr\/index.php?rest_route=\/wp\/v2\/posts\/46034\/revisions"}],"wp:featuredmedia":[{"embeddable":true,"href":"https:\/\/archive.sana.sy\/tr\/index.php?rest_route=\/wp\/v2\/media\/46035"}],"wp:attachment":[{"href":"https:\/\/archive.sana.sy\/tr\/index.php?rest_route=%2Fwp%2Fv2%2Fmedia&parent=46034"}],"wp:term":[{"taxonomy":"category","embeddable":true,"href":"https:\/\/archive.sana.sy\/tr\/index.php?rest_route=%2Fwp%2Fv2%2Fcategories&post=46034"},{"taxonomy":"post_tag","embeddable":true,"href":"https:\/\/archive.sana.sy\/tr\/index.php?rest_route=%2Fwp%2Fv2%2Ftags&post=46034"}],"curies":[{"name":"wp","href":"https:\/\/api.w.org\/{rel}","templated":true}]}}