{"id":46088,"date":"2015-09-08T09:30:24","date_gmt":"2015-09-08T06:30:24","guid":{"rendered":"http:\/\/www.sana.sy\/tr\/?p=46088"},"modified":"2015-09-08T14:38:09","modified_gmt":"2015-09-08T11:38:09","slug":"ordu-birliklerimiz-suveyda-kirsalinin-kuzeybatisi-tel-zalfa-bolgesine-saldiri-girisiminde-bulunan-israil-ve-urdun-destekli-teroristlere-karsi-koydu-sam-cevre-kent-kirsalinin-idari-sinirlarina-yakin-s","status":"publish","type":"post","link":"https:\/\/archive.sana.sy\/tr\/?p=46088","title":{"rendered":"Ordu birliklerimiz S\u00fcveyda k\u0131rsal\u0131n\u0131n kuzeybat\u0131s\u0131 Tel Zalfa B\u00f6lgesine sald\u0131r\u0131 giri\u015fiminde bulunan \u0130srail ve \u00dcrd\u00fcn destekli ter\u00f6ristlere kar\u015f\u0131 koydu. \u015eam \u00e7evre kent k\u0131rsal\u0131n\u0131n idari s\u0131n\u0131rlar\u0131na yak\u0131n s\u00f6z konusu b\u00f6lgede ya\u015fanan \u00e7at\u0131\u015fmada sald\u0131rganlar\u0131n b\u00fcy\u00fck \u00e7o\u011funlu\u011fu \u00f6l\u00fc yaral\u0131 ele ge\u00e7irildi"},"content":{"rendered":"<p>Ordu birliklerimiz S\u00fcveyda k\u0131rsal\u0131n\u0131n kuzeybat\u0131s\u0131 Tel Zalfa B\u00f6lgesine sald\u0131r\u0131 giri\u015fiminde bulunan \u0130srail ve \u00dcrd\u00fcn destekli ter\u00f6ristlere kar\u015f\u0131 koydu. \u015eam \u00e7evre kent k\u0131rsal\u0131n\u0131n idari s\u0131n\u0131rlar\u0131na yak\u0131n s\u00f6z konusu b\u00f6lgede ya\u015fanan \u00e7at\u0131\u015fmada sald\u0131rganlar\u0131n b\u00fcy\u00fck \u00e7o\u011funlu\u011fu \u00f6l\u00fc yaral\u0131 ele ge\u00e7irildi<\/p>\n","protected":false},"excerpt":{"rendered":"<p>Ordu birliklerimiz S\u00fcveyda k\u0131rsal\u0131n\u0131n kuzeybat\u0131s\u0131 Tel Zalfa B\u00f6lgesine sald\u0131r\u0131 giri\u015fiminde bulunan \u0130srail ve \u00dcrd\u00fcn destekli ter\u00f6ristlere kar\u015f\u0131 koydu. \u015eam \u00e7evre kent k\u0131rsal\u0131n\u0131n idari s\u0131n\u0131rlar\u0131na yak\u0131n s\u00f6z konusu b\u00f6lgede ya\u015fanan \u00e7at\u0131\u015fmada sald\u0131rganlar\u0131n b\u00fcy\u00fck \u00e7o\u011funlu\u011fu \u00f6l\u00fc yaral\u0131 ele ge\u00e7irildi<\/p>\n","protected":false},"author":1,"featured_media":0,"comment_status":"closed","ping_status":"closed","sticky":false,"template":"","format":"standard","meta":{"footnotes":""},"categories":[1],"tags":[],"class_list":["post-46088","post","type-post","status-publish","format-standard","","category-news-not-sorted"],"_links":{"self":[{"href":"https:\/\/archive.sana.sy\/tr\/index.php?rest_route=\/wp\/v2\/posts\/46088","targetHints":{"allow":["GET"]}}],"collection":[{"href":"https:\/\/archive.sana.sy\/tr\/index.php?rest_route=\/wp\/v2\/posts"}],"about":[{"href":"https:\/\/archive.sana.sy\/tr\/index.php?rest_route=\/wp\/v2\/types\/post"}],"author":[{"embeddable":true,"href":"https:\/\/archive.sana.sy\/tr\/index.php?rest_route=\/wp\/v2\/users\/1"}],"replies":[{"embeddable":true,"href":"https:\/\/archive.sana.sy\/tr\/index.php?rest_route=%2Fwp%2Fv2%2Fcomments&post=46088"}],"version-history":[{"count":0,"href":"https:\/\/archive.sana.sy\/tr\/index.php?rest_route=\/wp\/v2\/posts\/46088\/revisions"}],"wp:attachment":[{"href":"https:\/\/archive.sana.sy\/tr\/index.php?rest_route=%2Fwp%2Fv2%2Fmedia&parent=46088"}],"wp:term":[{"taxonomy":"category","embeddable":true,"href":"https:\/\/archive.sana.sy\/tr\/index.php?rest_route=%2Fwp%2Fv2%2Fcategories&post=46088"},{"taxonomy":"post_tag","embeddable":true,"href":"https:\/\/archive.sana.sy\/tr\/index.php?rest_route=%2Fwp%2Fv2%2Ftags&post=46088"}],"curies":[{"name":"wp","href":"https:\/\/api.w.org\/{rel}","templated":true}]}}