{"id":46089,"date":"2015-09-08T14:07:49","date_gmt":"2015-09-08T11:07:49","guid":{"rendered":"http:\/\/www.sana.sy\/tr\/?p=46089"},"modified":"2015-09-08T14:07:49","modified_gmt":"2015-09-08T11:07:49","slug":"turkiye-ve-urdundeki-temaslarini-anlatti","status":"publish","type":"post","link":"https:\/\/archive.sana.sy\/tr\/?p=46089","title":{"rendered":"T\u00fcrkiye ve \u00dcrd\u00fcn\u2019deki Temaslar\u0131n\u0131 Anlatt\u0131"},"content":{"rendered":"<p>\u015eAM \u2013 Suriye Uydu Kanal\u0131 d\u00fcn ak\u015fam; ge\u00e7en Cuma g\u00fcn\u00fc S\u00fcveyda\u2019da meydana gelen iki bombal\u0131 ter\u00f6r eylemin sorumlulu\u011funu \u00fcstlenen az\u0131l\u0131 ter\u00f6rist Vafid Ebu Turaba\u2019n\u0131n bulundu\u011fu itiraflar\u0131n ikinci b\u00f6l\u00fcm\u00fcn\u00fc yay\u0131nlad\u0131.<\/p>\n<p>Az\u0131l\u0131 ter\u00f6rist Ebu Turaba itiraflar\u0131n\u0131n ikinci b\u00f6l\u00fcm\u00fcnde; T\u00fcrkiye ve \u00dcrd\u00fcn\u2019de Suriyeli az\u0131l\u0131 ter\u00f6r eleba\u015flar\u0131 ve s\u00f6zde muhalif \u015fahsiyetlerin yan\u0131 s\u0131ra yabanc\u0131 istihbarat cihazlar\u0131yla bulundu\u011fu temaslar\u0131 anlatt\u0131.<\/p>\n<p>Ter\u00f6r \u00f6rg\u00fctlere ilk ba\u015flarda nas\u0131l kat\u0131ld\u0131\u011f\u0131n\u0131 ve kimlerle temaslarda bulundu\u011funu isim ve ayr\u0131nt\u0131larla anlatan Ebu Turaba; L\u00fcbnanl\u0131 siyasi \u015fahsiyet Velid Canbulat ve ter\u00f6r eylemlerinde ya\u015fam\u0131n\u0131 yitiren Vahit Belus ile ili\u015fkilerini de a\u00e7\u0131klad\u0131.<\/p>\n<p>Ebu Turaba T\u00fcrkiye&#8217;nin Gaziantep Kentinde Yahudi istihbarat subaylar\u0131n\u0131n Suriye&#8217;nin muhtelif mevkilerinde ter\u00f6r ve tarihi eser faaliyetleriyle de ilgisi oldu\u011funu itiraf etti.<\/p>\n","protected":false},"excerpt":{"rendered":"<p>\u015eAM \u2013 Suriye Uydu Kanal\u0131 d\u00fcn ak\u015fam; ge\u00e7en Cuma g\u00fcn\u00fc S\u00fcveyda\u2019da meydana gelen iki bombal\u0131 ter\u00f6r eylemin sorumlulu\u011funu \u00fcstlenen az\u0131l\u0131 ter\u00f6rist Vafid Ebu Turaba\u2019n\u0131n bulundu\u011fu itiraflar\u0131n ikinci b\u00f6l\u00fcm\u00fcn\u00fc yay\u0131nlad\u0131. Az\u0131l\u0131 ter\u00f6rist Ebu Turaba itiraflar\u0131n\u0131n ikinci b\u00f6l\u00fcm\u00fcnde; T\u00fcrkiye ve \u00dcrd\u00fcn\u2019de Suriyeli az\u0131l\u0131 ter\u00f6r eleba\u015flar\u0131 ve s\u00f6zde muhalif \u015fahsiyetlerin yan\u0131 s\u0131ra yabanc\u0131 istihbarat cihazlar\u0131yla bulundu\u011fu temaslar\u0131 anlatt\u0131. &hellip;<\/p>\n","protected":false},"author":1,"featured_media":46090,"comment_status":"closed","ping_status":"closed","sticky":false,"template":"","format":"standard","meta":{"footnotes":""},"categories":[479,575,447,2554,2555,478],"tags":[],"class_list":["post-46089","post","type-post","status-publish","format-standard","has-post-thumbnail","","category-haberler-yerel","category-olaylar-ve-gercekler","category-politika","category-suriye-ve-dunya","category-suriye-ve-turkiye","category-yerel"],"_links":{"self":[{"href":"https:\/\/archive.sana.sy\/tr\/index.php?rest_route=\/wp\/v2\/posts\/46089","targetHints":{"allow":["GET"]}}],"collection":[{"href":"https:\/\/archive.sana.sy\/tr\/index.php?rest_route=\/wp\/v2\/posts"}],"about":[{"href":"https:\/\/archive.sana.sy\/tr\/index.php?rest_route=\/wp\/v2\/types\/post"}],"author":[{"embeddable":true,"href":"https:\/\/archive.sana.sy\/tr\/index.php?rest_route=\/wp\/v2\/users\/1"}],"replies":[{"embeddable":true,"href":"https:\/\/archive.sana.sy\/tr\/index.php?rest_route=%2Fwp%2Fv2%2Fcomments&post=46089"}],"version-history":[{"count":0,"href":"https:\/\/archive.sana.sy\/tr\/index.php?rest_route=\/wp\/v2\/posts\/46089\/revisions"}],"wp:featuredmedia":[{"embeddable":true,"href":"https:\/\/archive.sana.sy\/tr\/index.php?rest_route=\/wp\/v2\/media\/46090"}],"wp:attachment":[{"href":"https:\/\/archive.sana.sy\/tr\/index.php?rest_route=%2Fwp%2Fv2%2Fmedia&parent=46089"}],"wp:term":[{"taxonomy":"category","embeddable":true,"href":"https:\/\/archive.sana.sy\/tr\/index.php?rest_route=%2Fwp%2Fv2%2Fcategories&post=46089"},{"taxonomy":"post_tag","embeddable":true,"href":"https:\/\/archive.sana.sy\/tr\/index.php?rest_route=%2Fwp%2Fv2%2Ftags&post=46089"}],"curies":[{"name":"wp","href":"https:\/\/api.w.org\/{rel}","templated":true}]}}