{"id":46128,"date":"2015-09-08T10:10:15","date_gmt":"2015-09-08T07:10:15","guid":{"rendered":"http:\/\/sana.sy\/tr\/?p=46128"},"modified":"2015-09-08T14:27:02","modified_gmt":"2015-09-08T11:27:02","slug":"romanyada-duzenlenen-buyukelcilikler-festivali-suriyenin-katilimiyla-calismalarini-tamamladi","status":"publish","type":"post","link":"https:\/\/archive.sana.sy\/tr\/?p=46128","title":{"rendered":"Romanya&#8217;da d\u00fczenlenen B\u00fcy\u00fckel\u00e7ilikler Festivali Suriye&#8217;nin kat\u0131l\u0131m\u0131yla \u00e7al\u0131\u015fmalar\u0131n\u0131 tamamlad\u0131"},"content":{"rendered":"<p>Romanya&#8217;da d\u00fczenlenen B\u00fcy\u00fckel\u00e7ilikler Festivali Suriye&#8217;nin kat\u0131l\u0131m\u0131yla \u00e7al\u0131\u015fmalar\u0131n\u0131 tamamlad\u0131<\/p>\n","protected":false},"excerpt":{"rendered":"<p>Romanya&#8217;da d\u00fczenlenen B\u00fcy\u00fckel\u00e7ilikler Festivali Suriye&#8217;nin kat\u0131l\u0131m\u0131yla \u00e7al\u0131\u015fmalar\u0131n\u0131 tamamlad\u0131<\/p>\n","protected":false},"author":1,"featured_media":46123,"comment_status":"closed","ping_status":"closed","sticky":false,"template":"","format":"standard","meta":{"footnotes":""},"categories":[573],"tags":[16628],"class_list":["post-46128","post","type-post","status-publish","format-standard","has-post-thumbnail","","category-goruntulu-olaylar","tag-romanyada-duzenlenen-buyukelcilikler-festivali-suriyenin-katilimiyla-calismalarini-tamamladi"],"_links":{"self":[{"href":"https:\/\/archive.sana.sy\/tr\/index.php?rest_route=\/wp\/v2\/posts\/46128","targetHints":{"allow":["GET"]}}],"collection":[{"href":"https:\/\/archive.sana.sy\/tr\/index.php?rest_route=\/wp\/v2\/posts"}],"about":[{"href":"https:\/\/archive.sana.sy\/tr\/index.php?rest_route=\/wp\/v2\/types\/post"}],"author":[{"embeddable":true,"href":"https:\/\/archive.sana.sy\/tr\/index.php?rest_route=\/wp\/v2\/users\/1"}],"replies":[{"embeddable":true,"href":"https:\/\/archive.sana.sy\/tr\/index.php?rest_route=%2Fwp%2Fv2%2Fcomments&post=46128"}],"version-history":[{"count":0,"href":"https:\/\/archive.sana.sy\/tr\/index.php?rest_route=\/wp\/v2\/posts\/46128\/revisions"}],"wp:featuredmedia":[{"embeddable":true,"href":"https:\/\/archive.sana.sy\/tr\/index.php?rest_route=\/wp\/v2\/media\/46123"}],"wp:attachment":[{"href":"https:\/\/archive.sana.sy\/tr\/index.php?rest_route=%2Fwp%2Fv2%2Fmedia&parent=46128"}],"wp:term":[{"taxonomy":"category","embeddable":true,"href":"https:\/\/archive.sana.sy\/tr\/index.php?rest_route=%2Fwp%2Fv2%2Fcategories&post=46128"},{"taxonomy":"post_tag","embeddable":true,"href":"https:\/\/archive.sana.sy\/tr\/index.php?rest_route=%2Fwp%2Fv2%2Ftags&post=46128"}],"curies":[{"name":"wp","href":"https:\/\/api.w.org\/{rel}","templated":true}]}}