{"id":46137,"date":"2015-09-08T10:00:19","date_gmt":"2015-09-08T07:00:19","guid":{"rendered":"http:\/\/www.sana.sy\/tr\/?p=46137"},"modified":"2015-09-08T14:38:45","modified_gmt":"2015-09-08T11:38:45","slug":"ordu-birliklerimiz-lazkiye-kirsalinin-kuzeyinde-erdogan-rejiminin-komutasinda-faaliyet-gosteren-teror-cetelere-yonelik-operasyonlari-kapsaminda-bugun-kebir-koyunde-nitelikli-bir-operasyonla-aralarinda","status":"publish","type":"post","link":"https:\/\/archive.sana.sy\/tr\/?p=46137","title":{"rendered":"Ordu birliklerimiz Lazkiye k\u0131rsal\u0131n\u0131n kuzeyinde Erdo\u011fan rejiminin komutas\u0131nda faaliyet g\u00f6steren ter\u00f6r \u00e7etelere y\u00f6nelik operasyonlar\u0131 kapsam\u0131nda bug\u00fcn Kebir K\u00f6y\u00fcnde nitelikli bir operasyonla aralar\u0131nda T\u00fcrkiyelilerin de bulundu\u011fu 24 ter\u00f6risti \u00f6ld\u00fcrd\u00fc. Operasyonda bir cephane depolar\u0131 da muhtevalar\u0131yla imha edildi"},"content":{"rendered":"<p>Ordu birliklerimiz Lazkiye k\u0131rsal\u0131n\u0131n kuzeyinde Erdo\u011fan rejiminin komutas\u0131nda faaliyet g\u00f6steren ter\u00f6r \u00e7etelere y\u00f6nelik operasyonlar\u0131 kapsam\u0131nda bug\u00fcn Kebir K\u00f6y\u00fcnde nitelikli bir operasyonla aralar\u0131nda T\u00fcrkiyelilerin de bulundu\u011fu 24 ter\u00f6risti \u00f6ld\u00fcrd\u00fc. Operasyonda bir cephane depolar\u0131 da muhtevalar\u0131yla imha edildi<\/p>\n","protected":false},"excerpt":{"rendered":"<p>Ordu birliklerimiz Lazkiye k\u0131rsal\u0131n\u0131n kuzeyinde Erdo\u011fan rejiminin komutas\u0131nda faaliyet g\u00f6steren ter\u00f6r \u00e7etelere y\u00f6nelik operasyonlar\u0131 kapsam\u0131nda bug\u00fcn Kebir K\u00f6y\u00fcnde nitelikli bir operasyonla aralar\u0131nda T\u00fcrkiyelilerin de bulundu\u011fu 24 ter\u00f6risti \u00f6ld\u00fcrd\u00fc. Operasyonda bir cephane depolar\u0131 da muhtevalar\u0131yla imha edildi<\/p>\n","protected":false},"author":1,"featured_media":0,"comment_status":"closed","ping_status":"closed","sticky":false,"template":"","format":"standard","meta":{"footnotes":""},"categories":[1],"tags":[],"class_list":["post-46137","post","type-post","status-publish","format-standard","","category-news-not-sorted"],"_links":{"self":[{"href":"https:\/\/archive.sana.sy\/tr\/index.php?rest_route=\/wp\/v2\/posts\/46137","targetHints":{"allow":["GET"]}}],"collection":[{"href":"https:\/\/archive.sana.sy\/tr\/index.php?rest_route=\/wp\/v2\/posts"}],"about":[{"href":"https:\/\/archive.sana.sy\/tr\/index.php?rest_route=\/wp\/v2\/types\/post"}],"author":[{"embeddable":true,"href":"https:\/\/archive.sana.sy\/tr\/index.php?rest_route=\/wp\/v2\/users\/1"}],"replies":[{"embeddable":true,"href":"https:\/\/archive.sana.sy\/tr\/index.php?rest_route=%2Fwp%2Fv2%2Fcomments&post=46137"}],"version-history":[{"count":0,"href":"https:\/\/archive.sana.sy\/tr\/index.php?rest_route=\/wp\/v2\/posts\/46137\/revisions"}],"wp:attachment":[{"href":"https:\/\/archive.sana.sy\/tr\/index.php?rest_route=%2Fwp%2Fv2%2Fmedia&parent=46137"}],"wp:term":[{"taxonomy":"category","embeddable":true,"href":"https:\/\/archive.sana.sy\/tr\/index.php?rest_route=%2Fwp%2Fv2%2Fcategories&post=46137"},{"taxonomy":"post_tag","embeddable":true,"href":"https:\/\/archive.sana.sy\/tr\/index.php?rest_route=%2Fwp%2Fv2%2Ftags&post=46137"}],"curies":[{"name":"wp","href":"https:\/\/api.w.org\/{rel}","templated":true}]}}