{"id":4616,"date":"2014-07-05T13:37:46","date_gmt":"2014-07-05T10:37:46","guid":{"rendered":"http:\/\/www.sana.sy\/tr\/?p=4616"},"modified":"2014-07-06T10:04:16","modified_gmt":"2014-07-06T07:04:16","slug":"cumhurbaskanligi-kupasinda-guclu-eslesmeler","status":"publish","type":"post","link":"https:\/\/archive.sana.sy\/tr\/?p=4616","title":{"rendered":"Cumhuriyet Kupas\u0131nda G\u00fc\u00e7l\u00fc E\u015fle\u015fmeler"},"content":{"rendered":"<p>\u015eAM \u2013 \u00d6n\u00fcm\u00fczdeki Pazartesi g\u00fcn\u00fcnden ba\u015flayarak gelecek \u00c7ar\u015famba g\u00fcn\u00fcne kadar devam edecek olan Cumhuriyet Kupas\u0131 Futbol kar\u015f\u0131la\u015fmalar\u0131nda 16 tak\u0131m k\u0131yas\u0131ya m\u00fccadele edecek.<\/p>\n<p>A\u00e7\u0131l\u0131\u015f g\u00fcn\u00fcnde el Vahde &#8211; \u015eurta saat 16:00\u2019da \u015eam Te\u015frin Stad\u0131nda, el Cey\u015f ve el Mecd tak\u0131mlar\u0131ysa el Feyha Stadyumunda kar\u015f\u0131 kar\u015f\u0131ya geliyor.<\/p>\n<p>Homs el Beledi Stadyumunda Banyas Rafinerisi el Nidal tak\u0131m\u0131yla, Ceble Stadyumunda Nevair \u2013 Mleyha, Lazkiye Olimpiyat Stadyumunda el Hurriyye ile Umayya bir araya gelirken Tartus el Beledi Stad\u0131nda el Vesbe ve Hattin tak\u0131mlar\u0131 bir araya geliyor.<\/p>\n<p>Kupan\u0131n ikinci g\u00fcn\u00fcnde ise tek bir ma\u00e7 oynan\u0131yor. Homs el Beledi Stad\u0131nda saat 17:00\u2019da el Kerame el Talia tak\u0131m\u0131yla bir araya geliyor. \u00dc\u00e7\u00fcnc\u00fc ve kapan\u0131\u015f g\u00fcn\u00fcnde yine ayn\u0131 stadyum \u00fczerinde saat 16:00\u2019da el \u0130ttihad ile te\u015frin bir araya geliyor.<\/p>\n","protected":false},"excerpt":{"rendered":"<p>\u015eAM \u2013 \u00d6n\u00fcm\u00fczdeki Pazartesi g\u00fcn\u00fcnden ba\u015flayarak gelecek \u00c7ar\u015famba g\u00fcn\u00fcne kadar devam edecek olan Cumhuriyet Kupas\u0131 Futbol kar\u015f\u0131la\u015fmalar\u0131nda 16 tak\u0131m k\u0131yas\u0131ya m\u00fccadele edecek. A\u00e7\u0131l\u0131\u015f g\u00fcn\u00fcnde el Vahde &#8211; \u015eurta saat 16:00\u2019da \u015eam Te\u015frin Stad\u0131nda, el Cey\u015f ve el Mecd tak\u0131mlar\u0131ysa el Feyha Stadyumunda kar\u015f\u0131 kar\u015f\u0131ya geliyor. Homs el Beledi Stadyumunda Banyas Rafinerisi el Nidal tak\u0131m\u0131yla, Ceble &hellip;<\/p>\n","protected":false},"author":1,"featured_media":4617,"comment_status":"closed","ping_status":"closed","sticky":false,"template":"","format":"standard","meta":{"footnotes":""},"categories":[496,497],"tags":[1014],"class_list":["post-4616","post","type-post","status-publish","format-standard","has-post-thumbnail","","category-spor","category-yerel-turnuvalar","tag-cumhuriyet-kupasinda-guclu-eslesmeler"],"_links":{"self":[{"href":"https:\/\/archive.sana.sy\/tr\/index.php?rest_route=\/wp\/v2\/posts\/4616","targetHints":{"allow":["GET"]}}],"collection":[{"href":"https:\/\/archive.sana.sy\/tr\/index.php?rest_route=\/wp\/v2\/posts"}],"about":[{"href":"https:\/\/archive.sana.sy\/tr\/index.php?rest_route=\/wp\/v2\/types\/post"}],"author":[{"embeddable":true,"href":"https:\/\/archive.sana.sy\/tr\/index.php?rest_route=\/wp\/v2\/users\/1"}],"replies":[{"embeddable":true,"href":"https:\/\/archive.sana.sy\/tr\/index.php?rest_route=%2Fwp%2Fv2%2Fcomments&post=4616"}],"version-history":[{"count":0,"href":"https:\/\/archive.sana.sy\/tr\/index.php?rest_route=\/wp\/v2\/posts\/4616\/revisions"}],"wp:featuredmedia":[{"embeddable":true,"href":"https:\/\/archive.sana.sy\/tr\/index.php?rest_route=\/wp\/v2\/media\/4617"}],"wp:attachment":[{"href":"https:\/\/archive.sana.sy\/tr\/index.php?rest_route=%2Fwp%2Fv2%2Fmedia&parent=4616"}],"wp:term":[{"taxonomy":"category","embeddable":true,"href":"https:\/\/archive.sana.sy\/tr\/index.php?rest_route=%2Fwp%2Fv2%2Fcategories&post=4616"},{"taxonomy":"post_tag","embeddable":true,"href":"https:\/\/archive.sana.sy\/tr\/index.php?rest_route=%2Fwp%2Fv2%2Ftags&post=4616"}],"curies":[{"name":"wp","href":"https:\/\/api.w.org\/{rel}","templated":true}]}}