{"id":4623,"date":"2014-07-05T15:00:04","date_gmt":"2014-07-05T12:00:04","guid":{"rendered":"http:\/\/www.sana.sy\/tr\/?p=4623"},"modified":"2014-07-05T15:00:04","modified_gmt":"2014-07-05T12:00:04","slug":"suudi-arabistanda-intihar-saldirisi","status":"publish","type":"post","link":"https:\/\/archive.sana.sy\/tr\/?p=4623","title":{"rendered":"Suudi Arabistan\u2019da \u0130ntihar Sald\u0131r\u0131s\u0131"},"content":{"rendered":"<p>R\u0130YAD \u2013 El Arabiye Televizyonu, intihar bombac\u0131s\u0131 iki ter\u00f6ristin d\u00fcn sabah, Suudi Arabistan\u2019\u0131n g\u00fcney kesiminde yer alan Necrat ilinin \u015earura b\u00f6lgesindeki h\u00fck\u00fcmet binas\u0131nda kendilerini havaya u\u00e7urduklar\u0131n\u0131 aktard\u0131.<\/p>\n<p>Olay yerinde \u00f6len intihar bombac\u0131lar\u0131 ve olayda hayat\u0131n\u0131 kaybeden \u00fc\u00e7 ki\u015finin isimlerinin a\u00e7\u0131klanaca\u011f\u0131na i\u015faret edilen haberde; olay yerinde yap\u0131lan incelemeler sonucunda sald\u0131r\u0131da kimyasal madde kullan\u0131ld\u0131\u011f\u0131n\u0131n ortaya \u00e7\u0131kt\u0131\u011f\u0131n\u0131 belirtti.<\/p>\n<p>\u00d6te yandan yay\u0131nlanan bu haberle ilgili ve olayla ilgili yap\u0131lan yorumlarda ter\u00f6r\u00fcn finansmanlar\u0131n\u0131n ve destek\u00e7ilerinin kuca\u011f\u0131na geri d\u00f6nd\u00fc\u011f\u00fcne dikkat \u00e7ekilirken; Suudi Arabistan\u2019\u0131n bir\u00e7ok devlet gibi silahl\u0131 ter\u00f6r gruplar\u0131n\u0131n i\u015fledikleri katliamlar\u0131 ve su\u00e7lar\u0131 g\u00f6rmezden gelmekle birlikte \u00e7o\u011fu zaman me\u015frula\u015ft\u0131rma yoluna gittikleri ifade edildi.<\/p>\n<p>Suudi Arabistan Televizyonunda yay\u0131nlanan haberde, Suudi G\u00fcvenlik Birimlerinin intihar bombac\u0131s\u0131 ter\u00f6ristleri d\u00fcn sabahtan beri binada k\u0131st\u0131rm\u0131\u015f olduklar\u0131na ancak ter\u00f6ristlerle g\u00fcvenlik birimleri aras\u0131nda meydana gelen \u015fiddetli \u00e7at\u0131\u015fmalardan sonra intihar bombac\u0131lar\u0131n\u0131n kendilerini patlatt\u0131kla.r\u0131 ayr\u0131nt\u0131lar\u0131na yer verildi.<\/p>\n<p>Hat\u0131rlanaca\u011f\u0131 \u00fczere Suudi Arabistan otoriteleri d\u00fcn el Vedia B\u00f6lgesinde, el Kaide Ter\u00f6r \u00d6rg\u00fct\u00fcne ba\u011fl\u0131 6 ter\u00f6rist ile Suudi G\u00fcvenlik Devriyeleri aras\u0131nda \u00e7at\u0131\u015fma meydana geldi\u011fini ilan etmi\u015f \u00e7at\u0131\u015fmada iki devriye g\u00f6revlisinin hayat\u0131n\u0131 kaybetti\u011fini ve isimleri arananlar listesinde bulunan 4 ki\u015fininn tutukland\u0131\u011f\u0131n\u0131 belirtmi\u015fti.<\/p>\n<p><a href=\"http:\/\/www.sana.sy\/tr\/wp-content\/uploads\/2014\/07\/Suudi-Arabio.jpg\"><img loading=\"lazy\" decoding=\"async\" class=\"aligncenter wp-image-4624 size-full\" src=\"http:\/\/www.sana.sy\/tr\/wp-content\/uploads\/2014\/07\/Suudi-Arabio.jpg\" alt=\"Suudi Arabio\" width=\"528\" height=\"528\" srcset=\"https:\/\/archive.sana.sy\/tr\/wp-content\/uploads\/2014\/07\/Suudi-Arabio.jpg 528w, https:\/\/archive.sana.sy\/tr\/wp-content\/uploads\/2014\/07\/Suudi-Arabio-150x150.jpg 150w, https:\/\/archive.sana.sy\/tr\/wp-content\/uploads\/2014\/07\/Suudi-Arabio-300x300.jpg 300w, https:\/\/archive.sana.sy\/tr\/wp-content\/uploads\/2014\/07\/Suudi-Arabio-70x70.jpg 70w\" sizes=\"auto, (max-width: 528px) 100vw, 528px\" \/><\/a><\/p>\n","protected":false},"excerpt":{"rendered":"<p>R\u0130YAD \u2013 El Arabiye Televizyonu, intihar bombac\u0131s\u0131 iki ter\u00f6ristin d\u00fcn sabah, Suudi Arabistan\u2019\u0131n g\u00fcney kesiminde yer alan Necrat ilinin \u015earura b\u00f6lgesindeki h\u00fck\u00fcmet binas\u0131nda kendilerini havaya u\u00e7urduklar\u0131n\u0131 aktard\u0131. Olay yerinde \u00f6len intihar bombac\u0131lar\u0131 ve olayda hayat\u0131n\u0131 kaybeden \u00fc\u00e7 ki\u015finin isimlerinin a\u00e7\u0131klanaca\u011f\u0131na i\u015faret edilen haberde; olay yerinde yap\u0131lan incelemeler sonucunda sald\u0131r\u0131da kimyasal madde kullan\u0131ld\u0131\u011f\u0131n\u0131n ortaya \u00e7\u0131kt\u0131\u011f\u0131n\u0131 belirtti. &hellip;<\/p>\n","protected":false},"author":1,"featured_media":4625,"comment_status":"closed","ping_status":"closed","sticky":false,"template":"","format":"standard","meta":{"footnotes":""},"categories":[458,459,447],"tags":[1011],"class_list":["post-4623","post","type-post","status-publish","format-standard","has-post-thumbnail","","category-dunya1","category-haberler-arap-uluslararasi-politika","category-politika","tag-suudi-arabistanda-intihar-saldirisi"],"_links":{"self":[{"href":"https:\/\/archive.sana.sy\/tr\/index.php?rest_route=\/wp\/v2\/posts\/4623","targetHints":{"allow":["GET"]}}],"collection":[{"href":"https:\/\/archive.sana.sy\/tr\/index.php?rest_route=\/wp\/v2\/posts"}],"about":[{"href":"https:\/\/archive.sana.sy\/tr\/index.php?rest_route=\/wp\/v2\/types\/post"}],"author":[{"embeddable":true,"href":"https:\/\/archive.sana.sy\/tr\/index.php?rest_route=\/wp\/v2\/users\/1"}],"replies":[{"embeddable":true,"href":"https:\/\/archive.sana.sy\/tr\/index.php?rest_route=%2Fwp%2Fv2%2Fcomments&post=4623"}],"version-history":[{"count":0,"href":"https:\/\/archive.sana.sy\/tr\/index.php?rest_route=\/wp\/v2\/posts\/4623\/revisions"}],"wp:featuredmedia":[{"embeddable":true,"href":"https:\/\/archive.sana.sy\/tr\/index.php?rest_route=\/wp\/v2\/media\/4625"}],"wp:attachment":[{"href":"https:\/\/archive.sana.sy\/tr\/index.php?rest_route=%2Fwp%2Fv2%2Fmedia&parent=4623"}],"wp:term":[{"taxonomy":"category","embeddable":true,"href":"https:\/\/archive.sana.sy\/tr\/index.php?rest_route=%2Fwp%2Fv2%2Fcategories&post=4623"},{"taxonomy":"post_tag","embeddable":true,"href":"https:\/\/archive.sana.sy\/tr\/index.php?rest_route=%2Fwp%2Fv2%2Ftags&post=4623"}],"curies":[{"name":"wp","href":"https:\/\/api.w.org\/{rel}","templated":true}]}}