{"id":4628,"date":"2014-07-05T16:12:13","date_gmt":"2014-07-05T13:12:13","guid":{"rendered":"http:\/\/www.sana.sy\/tr\/?p=4628"},"modified":"2014-07-06T15:19:59","modified_gmt":"2014-07-06T12:19:59","slug":"halaki-bina-sureci-yasama-ve-yurutmenin-isbirligi-ile-tamamlanacak","status":"publish","type":"post","link":"https:\/\/archive.sana.sy\/tr\/?p=4628","title":{"rendered":"Halaki: Bina S\u00fcreci Yasama ve Y\u00fcr\u00fctmenin \u0130\u015fbirli\u011fi \u0130le Tamamlanacak"},"content":{"rendered":"<p>\u015eAM \u2013 Ba\u015fbakan Vail Halaki; yeniden imar ve bina s\u00fcrecinin yasama ve y\u00fcr\u00fctme organlar\u0131 aras\u0131ndaki i\u015fbirli\u011fi ve ortakl\u0131k ile tamamlanaca\u011f\u0131n\u0131 dile getirdi.<\/p>\n<p>Bug\u00fcn Halk Meclisinde Dera Milletvekilleri ile bir araya gelen Halaki; kahraman ordu birliklerimizin ter\u00f6re kar\u015f\u0131 sergiledi\u011fi direni\u015fte b\u00fcy\u00fck zaferler kazand\u0131\u011f\u0131na dikkat \u00e7ekerek bu zaferler sonucunda vatan topraklar\u0131n\u0131n b\u00fcy\u00fck \u00e7o\u011funlu\u011funda g\u00fcvenlik ve istikrar\u0131n sa\u011fland\u0131\u011f\u0131n\u0131 vurgulad\u0131.<\/p>\n<p>Bundan sonraki s\u00fcrecin h\u00fck\u00fcmetin temel \u00e7al\u0131\u015fmalar\u0131n\u0131n ulusal ekonominin kalk\u0131nmas\u0131 ve hizmet durumunun iyile\u015ftirilmesine hizmet edece\u011fini dile getiren Halaki; bu s\u00fcre\u00e7te b\u00fct\u00fcn \u00e7abalar\u0131n yeniden in\u015fa \u00e7er\u00e7evesinde birle\u015ftirilmesinin \u00f6nemine dikkat \u00e7ekti.<\/p>\n<p>Dera\u2019n\u0131n her daim vatan\u0131n en g\u00fc\u00e7l\u00fc kalkan\u0131 olmaya devam edece\u011fini vurgulayan Halaki; Dera sakinlerinin, ya\u015fad\u0131klar\u0131 topraklarda ayr\u0131mc\u0131l\u0131k, kin ve komplo tohumlar\u0131n\u0131n ye\u015fermesine ve k\u00f6k salmas\u0131na asla m\u00fcsaade etmeyeceklerinin alt\u0131n\u0131 \u00e7izdi.<\/p>\n<p>\u00d6te yandan Halk Meclisi Dera Milletvekilleri; g\u00fcvenlik ve istikrar\u0131n b\u00fct\u00fcn vatan topraklar\u0131na yay\u0131lmas\u0131 \u00e7al\u0131\u015fmalar\u0131n\u0131n s\u00fcrmesi gere\u011fine dikkat \u00e7ekerek ba\u015fta Dera, Busra ve S\u00fcveyda b\u00f6lgeleri olmak \u00fczere b\u00fct\u00fcn illerde i\u00e7me suyu problemlerinin en yak\u0131n zamanda \u00e7\u00f6z\u00fclmesi gerekti\u011fini vurgulad\u0131lar.<\/p>\n<p>Elektrik hizmetinin \u00f6ncesine g\u00f6re \u00e7ok daha iyi bir durumda olmas\u0131ndan b\u00fcy\u00fck memnuniyet duyduklar\u0131na i\u015faret eden milletvekilleri; ya\u015fanan b\u00fct\u00fcn olumsuzluklara ra\u011fmen H\u00fck\u00fcmetin ulusal ekonominin direni\u015fini desteklemesi ve g\u00fc\u00e7lendirmesinin \u00f6vg\u00fcye \u015fayan oldu\u011funu belirttiler.<\/p>\n","protected":false},"excerpt":{"rendered":"<p>\u015eAM \u2013 Ba\u015fbakan Vail Halaki; yeniden imar ve bina s\u00fcrecinin yasama ve y\u00fcr\u00fctme organlar\u0131 aras\u0131ndaki i\u015fbirli\u011fi ve ortakl\u0131k ile tamamlanaca\u011f\u0131n\u0131 dile getirdi. Bug\u00fcn Halk Meclisinde Dera Milletvekilleri ile bir araya gelen Halaki; kahraman ordu birliklerimizin ter\u00f6re kar\u015f\u0131 sergiledi\u011fi direni\u015fte b\u00fcy\u00fck zaferler kazand\u0131\u011f\u0131na dikkat \u00e7ekerek bu zaferler sonucunda vatan topraklar\u0131n\u0131n b\u00fcy\u00fck \u00e7o\u011funlu\u011funda g\u00fcvenlik ve istikrar\u0131n sa\u011fland\u0131\u011f\u0131n\u0131 &hellip;<\/p>\n","protected":false},"author":1,"featured_media":4629,"comment_status":"closed","ping_status":"closed","sticky":false,"template":"","format":"standard","meta":{"footnotes":""},"categories":[479,447,478],"tags":[1012],"class_list":["post-4628","post","type-post","status-publish","format-standard","has-post-thumbnail","","category-haberler-yerel","category-politika","category-yerel","tag-halaki-bina-sureci-yasama-ve-yurutmenin-isbirligi-ile-tamamlanacak"],"_links":{"self":[{"href":"https:\/\/archive.sana.sy\/tr\/index.php?rest_route=\/wp\/v2\/posts\/4628","targetHints":{"allow":["GET"]}}],"collection":[{"href":"https:\/\/archive.sana.sy\/tr\/index.php?rest_route=\/wp\/v2\/posts"}],"about":[{"href":"https:\/\/archive.sana.sy\/tr\/index.php?rest_route=\/wp\/v2\/types\/post"}],"author":[{"embeddable":true,"href":"https:\/\/archive.sana.sy\/tr\/index.php?rest_route=\/wp\/v2\/users\/1"}],"replies":[{"embeddable":true,"href":"https:\/\/archive.sana.sy\/tr\/index.php?rest_route=%2Fwp%2Fv2%2Fcomments&post=4628"}],"version-history":[{"count":0,"href":"https:\/\/archive.sana.sy\/tr\/index.php?rest_route=\/wp\/v2\/posts\/4628\/revisions"}],"wp:featuredmedia":[{"embeddable":true,"href":"https:\/\/archive.sana.sy\/tr\/index.php?rest_route=\/wp\/v2\/media\/4629"}],"wp:attachment":[{"href":"https:\/\/archive.sana.sy\/tr\/index.php?rest_route=%2Fwp%2Fv2%2Fmedia&parent=4628"}],"wp:term":[{"taxonomy":"category","embeddable":true,"href":"https:\/\/archive.sana.sy\/tr\/index.php?rest_route=%2Fwp%2Fv2%2Fcategories&post=4628"},{"taxonomy":"post_tag","embeddable":true,"href":"https:\/\/archive.sana.sy\/tr\/index.php?rest_route=%2Fwp%2Fv2%2Ftags&post=4628"}],"curies":[{"name":"wp","href":"https:\/\/api.w.org\/{rel}","templated":true}]}}