{"id":4632,"date":"2014-07-05T20:53:43","date_gmt":"2014-07-05T17:53:43","guid":{"rendered":"http:\/\/www.sana.sy\/tr\/?p=4632"},"modified":"2014-07-06T15:20:28","modified_gmt":"2014-07-06T12:20:28","slug":"haydar-ulusal-uzlasma-butun-vatan-evlatlarini-kapsayacak-genisliktedir","status":"publish","type":"post","link":"https:\/\/archive.sana.sy\/tr\/?p=4632","title":{"rendered":"Haydar: Ulusal Uzla\u015fma B\u00fct\u00fcn Vatan Evlatlar\u0131n\u0131 Kapsayacak Geni\u015fliktedir"},"content":{"rendered":"<p>\u015eAM \u2013 Ulusal Uzla\u015fmadan Sorumlu Devlet Bakan\u0131 Ali Haydar; ulusal uzla\u015fman\u0131n, akan kan\u0131 durdurma y\u00f6n\u00fcnde sosyal ve ulusal bir proje oldu\u011funu dile getirdi.<\/p>\n<p>Hama\u2019da idari, sosyal, dini ve halk temsilcileriyle bir araya gelen Haydar; ulusal uzla\u015fman\u0131n ba\u015far\u0131ya ula\u015fmas\u0131 i\u00e7in, bu topraklardaki medeniyetler dokusunu par\u00e7alamaya \u00e7al\u0131\u015fan vatan d\u00fc\u015fmanlar\u0131 kar\u015f\u0131s\u0131nda,\u00a0 b\u00fct\u00fcn vatan evlatlar\u0131n\u0131n tek bir safta birle\u015fmesi gerekti\u011fine dikkat \u00e7ekti.<\/p>\n<p>Ulusal Uzla\u015fma Alan\u0131ndaki b\u00fct\u00fcn sivil giri\u015fimlere vatan \u00e7at\u0131s\u0131 ve h\u00fck\u00fcmet \u015femsiyesi alt\u0131nda \u00e7al\u0131\u015fma \u00e7a\u011fr\u0131s\u0131nda bulunan Haydar; ulusal uzla\u015fma giri\u015fimcilerinin h\u00fck\u00fcmetin bu alandaki \u00e7al\u0131\u015fmalar\u0131na g\u00fcvence te\u015fkil etmesi gerekti\u011fini vurgulad\u0131.<\/p>\n<p>Ulusal uzla\u015fman\u0131n sadece tutuklular\u0131n serbest b\u0131rak\u0131lmas\u0131 ya da rehinelerin kurtar\u0131lmas\u0131 ile s\u0131n\u0131rl\u0131 olmad\u0131\u011f\u0131na i\u015faret eden Haydar; ulusal uzla\u015fmay\u0131, ya\u015fanan s\u00fcre\u00e7te kopan toplumsal ba\u011flar\u0131n yeniden ba\u011flanmas\u0131 ve b\u00fct\u00fcn vatan evlatlar\u0131n\u0131 kapsayacak geni\u015f bir kavram \u015feklinde tan\u0131mlad\u0131.<\/p>\n<p>Herkese ulusal uzla\u015fma \u00e7al\u0131\u015fmalar\u0131nda gerekli misyonu \u00fcstlenme \u00e7a\u011fr\u0131s\u0131nda bulunan Haydar; Suriyelilerin \u00fclke d\u0131\u015f\u0131ndan vasi ihtiyac\u0131 bulunmad\u0131\u011f\u0131n\u0131n alt\u0131n\u0131 \u00e7izdi.<\/p>\n<p><a href=\"http:\/\/www.sana.sy\/tr\/wp-content\/uploads\/2014\/07\/Ali-Haydar-2.jpg\"><img loading=\"lazy\" decoding=\"async\" class=\"alignnone size-medium wp-image-4634\" src=\"http:\/\/www.sana.sy\/tr\/wp-content\/uploads\/2014\/07\/Ali-Haydar-2-300x201.jpg\" alt=\"Ali Haydar 2\" width=\"300\" height=\"201\" srcset=\"https:\/\/archive.sana.sy\/tr\/wp-content\/uploads\/2014\/07\/Ali-Haydar-2-300x201.jpg 300w, https:\/\/archive.sana.sy\/tr\/wp-content\/uploads\/2014\/07\/Ali-Haydar-2-150x100.jpg 150w, https:\/\/archive.sana.sy\/tr\/wp-content\/uploads\/2014\/07\/Ali-Haydar-2.jpg 400w\" sizes=\"auto, (max-width: 300px) 100vw, 300px\" \/><\/a> <a href=\"http:\/\/www.sana.sy\/tr\/wp-content\/uploads\/2014\/07\/Ali-Haydar-3.jpg\"><img loading=\"lazy\" decoding=\"async\" class=\"alignnone size-medium wp-image-4635\" src=\"http:\/\/www.sana.sy\/tr\/wp-content\/uploads\/2014\/07\/Ali-Haydar-3-300x201.jpg\" alt=\"Ali Haydar 3\" width=\"300\" height=\"201\" srcset=\"https:\/\/archive.sana.sy\/tr\/wp-content\/uploads\/2014\/07\/Ali-Haydar-3-300x201.jpg 300w, https:\/\/archive.sana.sy\/tr\/wp-content\/uploads\/2014\/07\/Ali-Haydar-3-150x100.jpg 150w, https:\/\/archive.sana.sy\/tr\/wp-content\/uploads\/2014\/07\/Ali-Haydar-3.jpg 400w\" sizes=\"auto, (max-width: 300px) 100vw, 300px\" \/><\/a><\/p>\n","protected":false},"excerpt":{"rendered":"<p>\u015eAM \u2013 Ulusal Uzla\u015fmadan Sorumlu Devlet Bakan\u0131 Ali Haydar; ulusal uzla\u015fman\u0131n, akan kan\u0131 durdurma y\u00f6n\u00fcnde sosyal ve ulusal bir proje oldu\u011funu dile getirdi. Hama\u2019da idari, sosyal, dini ve halk temsilcileriyle bir araya gelen Haydar; ulusal uzla\u015fman\u0131n ba\u015far\u0131ya ula\u015fmas\u0131 i\u00e7in, bu topraklardaki medeniyetler dokusunu par\u00e7alamaya \u00e7al\u0131\u015fan vatan d\u00fc\u015fmanlar\u0131 kar\u015f\u0131s\u0131nda,\u00a0 b\u00fct\u00fcn vatan evlatlar\u0131n\u0131n tek bir safta birle\u015fmesi &hellip;<\/p>\n","protected":false},"author":1,"featured_media":4633,"comment_status":"closed","ping_status":"closed","sticky":false,"template":"","format":"standard","meta":{"footnotes":""},"categories":[596,447],"tags":[1013],"class_list":["post-4632","post","type-post","status-publish","format-standard","has-post-thumbnail","","category-fotografli-raporlar","category-politika","tag-haydar-ulusal-uzlasma-butun-vatan-evlatlarini-kapsayacak-genisliktedir"],"_links":{"self":[{"href":"https:\/\/archive.sana.sy\/tr\/index.php?rest_route=\/wp\/v2\/posts\/4632","targetHints":{"allow":["GET"]}}],"collection":[{"href":"https:\/\/archive.sana.sy\/tr\/index.php?rest_route=\/wp\/v2\/posts"}],"about":[{"href":"https:\/\/archive.sana.sy\/tr\/index.php?rest_route=\/wp\/v2\/types\/post"}],"author":[{"embeddable":true,"href":"https:\/\/archive.sana.sy\/tr\/index.php?rest_route=\/wp\/v2\/users\/1"}],"replies":[{"embeddable":true,"href":"https:\/\/archive.sana.sy\/tr\/index.php?rest_route=%2Fwp%2Fv2%2Fcomments&post=4632"}],"version-history":[{"count":0,"href":"https:\/\/archive.sana.sy\/tr\/index.php?rest_route=\/wp\/v2\/posts\/4632\/revisions"}],"wp:featuredmedia":[{"embeddable":true,"href":"https:\/\/archive.sana.sy\/tr\/index.php?rest_route=\/wp\/v2\/media\/4633"}],"wp:attachment":[{"href":"https:\/\/archive.sana.sy\/tr\/index.php?rest_route=%2Fwp%2Fv2%2Fmedia&parent=4632"}],"wp:term":[{"taxonomy":"category","embeddable":true,"href":"https:\/\/archive.sana.sy\/tr\/index.php?rest_route=%2Fwp%2Fv2%2Fcategories&post=4632"},{"taxonomy":"post_tag","embeddable":true,"href":"https:\/\/archive.sana.sy\/tr\/index.php?rest_route=%2Fwp%2Fv2%2Ftags&post=4632"}],"curies":[{"name":"wp","href":"https:\/\/api.w.org\/{rel}","templated":true}]}}