{"id":46341,"date":"2015-09-10T15:01:50","date_gmt":"2015-09-10T12:01:50","guid":{"rendered":"http:\/\/www.sana.sy\/tr\/?p=46341"},"modified":"2015-09-10T15:01:50","modified_gmt":"2015-09-10T12:01:50","slug":"lazkiye-kirsalinda-erdogan-rejiminin-azili-teror-cetelerine-karsi-operasyonlarini-surduren-vatan-koruyucularimizdan-bir-kaynak-sanaya-aciklamasinda-ordu-birliklerimizin-il-kirsalinin-kuzeyin","status":"publish","type":"post","link":"https:\/\/archive.sana.sy\/tr\/?p=46341","title":{"rendered":"Lazkiye k\u0131rsal\u0131nda Erdo\u011fan rejiminin az\u0131l\u0131 ter\u00f6r \u00e7etelerine kar\u015f\u0131 operasyonlar\u0131n\u0131 s\u00fcrd\u00fcren vatan koruyucular\u0131m\u0131zdan bir kaynak SANA\u2019ya a\u00e7\u0131klamas\u0131nda; ordu birliklerimizin il k\u0131rsal\u0131n\u0131n kuzeyinde bug\u00fcn ger\u00e7ekle\u015ftirdi\u011fi operasyonlar\u0131nda en az\u0131ndan 44 ter\u00f6risti \u00f6ld\u00fcrd\u00fcklerini belirtti"},"content":{"rendered":"<p>Lazkiye k\u0131rsal\u0131nda Erdo\u011fan rejiminin az\u0131l\u0131 ter\u00f6r \u00e7etelerine kar\u015f\u0131 operasyonlar\u0131n\u0131 s\u00fcrd\u00fcren vatan koruyucular\u0131m\u0131zdan bir kaynak SANA\u2019ya a\u00e7\u0131klamas\u0131nda; ordu birliklerimizin il k\u0131rsal\u0131n\u0131n kuzeyinde bug\u00fcn ger\u00e7ekle\u015ftirdi\u011fi operasyonlar\u0131nda en az\u0131ndan 44 ter\u00f6risti \u00f6ld\u00fcrd\u00fcklerini belirtti<\/p>\n","protected":false},"excerpt":{"rendered":"<p>Lazkiye k\u0131rsal\u0131nda Erdo\u011fan rejiminin az\u0131l\u0131 ter\u00f6r \u00e7etelerine kar\u015f\u0131 operasyonlar\u0131n\u0131 s\u00fcrd\u00fcren vatan koruyucular\u0131m\u0131zdan bir kaynak SANA\u2019ya a\u00e7\u0131klamas\u0131nda; ordu birliklerimizin il k\u0131rsal\u0131n\u0131n kuzeyinde bug\u00fcn ger\u00e7ekle\u015ftirdi\u011fi operasyonlar\u0131nda en az\u0131ndan 44 ter\u00f6risti \u00f6ld\u00fcrd\u00fcklerini belirtti<\/p>\n","protected":false},"author":1,"featured_media":0,"comment_status":"closed","ping_status":"closed","sticky":false,"template":"","format":"standard","meta":{"footnotes":""},"categories":[1],"tags":[],"class_list":["post-46341","post","type-post","status-publish","format-standard","","category-news-not-sorted"],"_links":{"self":[{"href":"https:\/\/archive.sana.sy\/tr\/index.php?rest_route=\/wp\/v2\/posts\/46341","targetHints":{"allow":["GET"]}}],"collection":[{"href":"https:\/\/archive.sana.sy\/tr\/index.php?rest_route=\/wp\/v2\/posts"}],"about":[{"href":"https:\/\/archive.sana.sy\/tr\/index.php?rest_route=\/wp\/v2\/types\/post"}],"author":[{"embeddable":true,"href":"https:\/\/archive.sana.sy\/tr\/index.php?rest_route=\/wp\/v2\/users\/1"}],"replies":[{"embeddable":true,"href":"https:\/\/archive.sana.sy\/tr\/index.php?rest_route=%2Fwp%2Fv2%2Fcomments&post=46341"}],"version-history":[{"count":0,"href":"https:\/\/archive.sana.sy\/tr\/index.php?rest_route=\/wp\/v2\/posts\/46341\/revisions"}],"wp:attachment":[{"href":"https:\/\/archive.sana.sy\/tr\/index.php?rest_route=%2Fwp%2Fv2%2Fmedia&parent=46341"}],"wp:term":[{"taxonomy":"category","embeddable":true,"href":"https:\/\/archive.sana.sy\/tr\/index.php?rest_route=%2Fwp%2Fv2%2Fcategories&post=46341"},{"taxonomy":"post_tag","embeddable":true,"href":"https:\/\/archive.sana.sy\/tr\/index.php?rest_route=%2Fwp%2Fv2%2Ftags&post=46341"}],"curies":[{"name":"wp","href":"https:\/\/api.w.org\/{rel}","templated":true}]}}