{"id":46423,"date":"2015-09-12T17:32:35","date_gmt":"2015-09-12T14:32:35","guid":{"rendered":"http:\/\/www.sana.sy\/tr\/?p=46423"},"modified":"2015-09-13T12:49:00","modified_gmt":"2015-09-13T09:49:00","slug":"multeciler-dosyasi-stratejik-derinlikleri-olan-siyasi-bir-projedir","status":"publish","type":"post","link":"https:\/\/archive.sana.sy\/tr\/?p=46423","title":{"rendered":"M\u00fclteciler Dosyas\u0131, Stratejik Derinlikleri Olan Siyasi Bir Projedir"},"content":{"rendered":"<p>\u015eAM \u2013 Ba\u015fbakan Vail el Halaki bug\u00fcn Enformasyon Bakanl\u0131\u011f\u0131 binas\u0131nda gazeteciler, yaz\u0131 i\u015fleri m\u00fcd\u00fcrleri ve medya kurumlar\u0131 m\u00fcd\u00fcrleriyle bir araya geldi.<\/p>\n<p>Oturumda yurt genelinde ya\u015fanan petrol ve do\u011falgaz s\u0131k\u0131nt\u0131s\u0131n\u0131n yan\u0131 s\u0131ra elektrik kesintilerinin; kimi devletlerin Suriye ve halk\u0131na kar\u015f\u0131 ekonomik yapt\u0131r\u0131mlar\u0131na ilaveten bu devletlerin destekledikleri ter\u00f6ristlerin bu gereksinimleri sa\u011flayan altyap\u0131ya sistematik sald\u0131r\u0131lar\u0131 neticesinde oldu\u011funu belirtti. Halaki vatanda\u015flar\u0131n yak\u0131t ihtiyac\u0131n\u0131n %70\u2019inin dost devletlerden ithal edildi\u011fini belirtti.<\/p>\n<p><a href=\"http:\/\/sana.sy\/tr\/wp-content\/uploads\/2015\/09\/halaki1.jpg\"><img loading=\"lazy\" decoding=\"async\" class=\"alignright wp-image-46502 size-medium\" src=\"http:\/\/sana.sy\/tr\/wp-content\/uploads\/2015\/09\/halaki1-300x157.jpg\" alt=\"halaki\" width=\"300\" height=\"157\" srcset=\"https:\/\/archive.sana.sy\/tr\/wp-content\/uploads\/2015\/09\/halaki1-300x157.jpg 300w, https:\/\/archive.sana.sy\/tr\/wp-content\/uploads\/2015\/09\/halaki1-150x78.jpg 150w, https:\/\/archive.sana.sy\/tr\/wp-content\/uploads\/2015\/09\/halaki1-1024x536.jpg 1024w, https:\/\/archive.sana.sy\/tr\/wp-content\/uploads\/2015\/09\/halaki1.jpg 2000w\" sizes=\"auto, (max-width: 300px) 100vw, 300px\" \/><\/a>Ula\u015f\u0131m konusunda ise Halaki; h\u00fck\u00fcmetin 200 otob\u00fcs sat\u0131n alma s\u00f6zle\u015fmeleri imzalad\u0131\u011f\u0131n\u0131, bunlar\u0131n 50\u2019inin ula\u015ft\u0131\u011f\u0131n\u0131, 50\u2019sinin de \u00f6n\u00fcm\u00fczdeki ay ba\u015flar\u0131nda ula\u015faca\u011f\u0131n\u0131 a\u00e7\u0131klad\u0131. Geriye kalan 100 otob\u00fcs\u00fcn de y\u0131l ba\u015flar\u0131nda ula\u015faca\u011f\u0131n\u0131 ifade eden Halaki; bunlar\u0131n haricinde 107 otob\u00fcs\u00fcn ithal edilmesi i\u00e7in ayr\u0131 bir s\u00f6zle\u015fmenin imzalanm\u0131\u015f oldu\u011funu s\u00f6yledi.<\/p>\n<p>Ba\u015fbakan Vail el Halaki Suriyeli m\u00fclteciler dosyas\u0131n\u0131n; vatan\u0131n yeniden yap\u0131land\u0131r\u0131lmas\u0131 ve kalk\u0131nd\u0131r\u0131lmas\u0131nda temel role sahip olacak yetenek ve performanslar\u0131yla gen\u00e7leri yurtd\u0131\u015f\u0131na \u00e7ekmede stratejik derinlikleri olan siyasi bir proje oldu\u011funa dikkat \u00e7ekti.<\/p>\n<p>Ba\u015fbakan Halaki 2015 y\u0131l\u0131nda sosyal destek i\u00e7in genel b\u00fct\u00e7enin %40\u2019\u0131n\u0131 olu\u015fturan 984 milyar liran\u0131n harcand\u0131\u011f\u0131n\u0131 a\u00e7\u0131klarken, insani yard\u0131m alan\u0131nda da 2,7 milyar lira harcama yap\u0131ld\u0131\u011f\u0131n\u0131 belirtti. Halaki insani yard\u0131mlar i\u00e7in harcanan bu mebla\u011f\u0131n %70\u2019inin devlet, geriye kalan %30\u2019unun ise uluslar aras\u0131 kurum ve \u00f6rg\u00fctler taraf\u0131ndan \u00f6dendi\u011fini ifade etti.<\/p>\n","protected":false},"excerpt":{"rendered":"<p>\u015eAM \u2013 Ba\u015fbakan Vail el Halaki bug\u00fcn Enformasyon Bakanl\u0131\u011f\u0131 binas\u0131nda gazeteciler, yaz\u0131 i\u015fleri m\u00fcd\u00fcrleri ve medya kurumlar\u0131 m\u00fcd\u00fcrleriyle bir araya geldi. Oturumda yurt genelinde ya\u015fanan petrol ve do\u011falgaz s\u0131k\u0131nt\u0131s\u0131n\u0131n yan\u0131 s\u0131ra elektrik kesintilerinin; kimi devletlerin Suriye ve halk\u0131na kar\u015f\u0131 ekonomik yapt\u0131r\u0131mlar\u0131na ilaveten bu devletlerin destekledikleri ter\u00f6ristlerin bu gereksinimleri sa\u011flayan altyap\u0131ya sistematik sald\u0131r\u0131lar\u0131 neticesinde oldu\u011funu belirtti. &hellip;<\/p>\n","protected":false},"author":1,"featured_media":46492,"comment_status":"closed","ping_status":"closed","sticky":false,"template":"","format":"standard","meta":{"footnotes":""},"categories":[479,478],"tags":[16681,16682],"class_list":["post-46423","post","type-post","status-publish","format-standard","has-post-thumbnail","","category-haberler-yerel","category-yerel","tag-sam-basbakan-vail-el-halaki-bugun-enformasyon-bakanligi-binasinda-gazeteciler","tag-yazi-isleri-mudurleri-ve-medya-kurumlari-mudurleriyle-bir-araya-geldi"],"_links":{"self":[{"href":"https:\/\/archive.sana.sy\/tr\/index.php?rest_route=\/wp\/v2\/posts\/46423","targetHints":{"allow":["GET"]}}],"collection":[{"href":"https:\/\/archive.sana.sy\/tr\/index.php?rest_route=\/wp\/v2\/posts"}],"about":[{"href":"https:\/\/archive.sana.sy\/tr\/index.php?rest_route=\/wp\/v2\/types\/post"}],"author":[{"embeddable":true,"href":"https:\/\/archive.sana.sy\/tr\/index.php?rest_route=\/wp\/v2\/users\/1"}],"replies":[{"embeddable":true,"href":"https:\/\/archive.sana.sy\/tr\/index.php?rest_route=%2Fwp%2Fv2%2Fcomments&post=46423"}],"version-history":[{"count":0,"href":"https:\/\/archive.sana.sy\/tr\/index.php?rest_route=\/wp\/v2\/posts\/46423\/revisions"}],"wp:featuredmedia":[{"embeddable":true,"href":"https:\/\/archive.sana.sy\/tr\/index.php?rest_route=\/wp\/v2\/media\/46492"}],"wp:attachment":[{"href":"https:\/\/archive.sana.sy\/tr\/index.php?rest_route=%2Fwp%2Fv2%2Fmedia&parent=46423"}],"wp:term":[{"taxonomy":"category","embeddable":true,"href":"https:\/\/archive.sana.sy\/tr\/index.php?rest_route=%2Fwp%2Fv2%2Fcategories&post=46423"},{"taxonomy":"post_tag","embeddable":true,"href":"https:\/\/archive.sana.sy\/tr\/index.php?rest_route=%2Fwp%2Fv2%2Ftags&post=46423"}],"curies":[{"name":"wp","href":"https:\/\/api.w.org\/{rel}","templated":true}]}}