{"id":46430,"date":"2015-09-12T14:43:41","date_gmt":"2015-09-12T11:43:41","guid":{"rendered":"http:\/\/www.sana.sy\/tr\/?p=46430"},"modified":"2015-09-12T14:43:41","modified_gmt":"2015-09-12T11:43:41","slug":"havzasinda-esrarla-birlikte-yakalandi","status":"publish","type":"post","link":"https:\/\/archive.sana.sy\/tr\/?p=46430","title":{"rendered":"Havzas\u0131nda Esrarla Birlikte Yakaland\u0131"},"content":{"rendered":"<p>\u015eAM KIRSALI \u2013 Emniyet M\u00fcd\u00fcrl\u00fc\u011f\u00fcnde uyu\u015fturucuyla m\u00fccadele \u015fubesi bug\u00fcn uyu\u015fturucu kuryeli\u011fi yapan bir \u015fah\u0131s\u0131n yakaland\u0131\u011f\u0131n\u0131 belirtti.<\/p>\n<p>\u015eubede yetkili bir kaynak yakalanan \u015fah\u0131s\u0131n kulland\u0131\u011f\u0131 arac\u0131n zulalar\u0131nda ustaca saklanm\u0131\u015f 7,5 kg kullan\u0131ma haz\u0131r esrar bulundu\u011funu a\u00e7\u0131klad\u0131.<\/p>\n<p>Bu arada tekfirci ve vatan haini ter\u00f6r \u00e7etelerin yay\u0131lmas\u0131yla bir\u00e7ok b\u00f6lgede muhtelif t\u00fcrleriyle uyu\u015fturucu bu ter\u00f6ristler taraf\u0131ndan yayg\u0131n bir \u015fekilde kullan\u0131lmaya ba\u015fland\u0131.<\/p>\n","protected":false},"excerpt":{"rendered":"<p>\u015eAM KIRSALI \u2013 Emniyet M\u00fcd\u00fcrl\u00fc\u011f\u00fcnde uyu\u015fturucuyla m\u00fccadele \u015fubesi bug\u00fcn uyu\u015fturucu kuryeli\u011fi yapan bir \u015fah\u0131s\u0131n yakaland\u0131\u011f\u0131n\u0131 belirtti. \u015eubede yetkili bir kaynak yakalanan \u015fah\u0131s\u0131n kulland\u0131\u011f\u0131 arac\u0131n zulalar\u0131nda ustaca saklanm\u0131\u015f 7,5 kg kullan\u0131ma haz\u0131r esrar bulundu\u011funu a\u00e7\u0131klad\u0131. Bu arada tekfirci ve vatan haini ter\u00f6r \u00e7etelerin yay\u0131lmas\u0131yla bir\u00e7ok b\u00f6lgede muhtelif t\u00fcrleriyle uyu\u015fturucu bu ter\u00f6ristler taraf\u0131ndan yayg\u0131n bir \u015fekilde kullan\u0131lmaya &hellip;<\/p>\n","protected":false},"author":1,"featured_media":32938,"comment_status":"closed","ping_status":"closed","sticky":false,"template":"","format":"standard","meta":{"footnotes":""},"categories":[485,479,486,478],"tags":[16686],"class_list":["post-46430","post","type-post","status-publish","format-standard","has-post-thumbnail","","category-is-ve-sermaye","category-haberler-yerel","category-haberler-is-ve-sermaye","category-yerel","tag-havzasinda-esrarla-birlikte-yakalandi"],"_links":{"self":[{"href":"https:\/\/archive.sana.sy\/tr\/index.php?rest_route=\/wp\/v2\/posts\/46430","targetHints":{"allow":["GET"]}}],"collection":[{"href":"https:\/\/archive.sana.sy\/tr\/index.php?rest_route=\/wp\/v2\/posts"}],"about":[{"href":"https:\/\/archive.sana.sy\/tr\/index.php?rest_route=\/wp\/v2\/types\/post"}],"author":[{"embeddable":true,"href":"https:\/\/archive.sana.sy\/tr\/index.php?rest_route=\/wp\/v2\/users\/1"}],"replies":[{"embeddable":true,"href":"https:\/\/archive.sana.sy\/tr\/index.php?rest_route=%2Fwp%2Fv2%2Fcomments&post=46430"}],"version-history":[{"count":0,"href":"https:\/\/archive.sana.sy\/tr\/index.php?rest_route=\/wp\/v2\/posts\/46430\/revisions"}],"wp:featuredmedia":[{"embeddable":true,"href":"https:\/\/archive.sana.sy\/tr\/index.php?rest_route=\/wp\/v2\/media\/32938"}],"wp:attachment":[{"href":"https:\/\/archive.sana.sy\/tr\/index.php?rest_route=%2Fwp%2Fv2%2Fmedia&parent=46430"}],"wp:term":[{"taxonomy":"category","embeddable":true,"href":"https:\/\/archive.sana.sy\/tr\/index.php?rest_route=%2Fwp%2Fv2%2Fcategories&post=46430"},{"taxonomy":"post_tag","embeddable":true,"href":"https:\/\/archive.sana.sy\/tr\/index.php?rest_route=%2Fwp%2Fv2%2Ftags&post=46430"}],"curies":[{"name":"wp","href":"https:\/\/api.w.org\/{rel}","templated":true}]}}