{"id":46437,"date":"2015-09-12T15:19:51","date_gmt":"2015-09-12T12:19:51","guid":{"rendered":"http:\/\/www.sana.sy\/tr\/?p=46437"},"modified":"2015-09-12T15:19:51","modified_gmt":"2015-09-12T12:19:51","slug":"sosyal-isler-bakanligi-illerdeki-performansini-degerlendirdi","status":"publish","type":"post","link":"https:\/\/archive.sana.sy\/tr\/?p=46437","title":{"rendered":"Sosyal \u0130\u015fler Bakanl\u0131\u011f\u0131 \u0130llerdeki Performans\u0131n\u0131 De\u011ferlendirdi"},"content":{"rendered":"<p>\u015eAM \u2013 Sosyal \u0130\u015fler Bakan\u0131 Rima el Kadiri sivil ve sosyal sekt\u00f6rle \u00e7abalar\u0131n yo\u011funla\u015ft\u0131r\u0131l\u0131p b\u00fct\u00fcnle\u015fmenin peki\u015ftirilmesi gere\u011fini belirtti.<\/p>\n<p>Bakan Kadiri illerdeki sosyal i\u015fler m\u00fcd\u00fcrleri ve bakanl\u0131\u011fa tabi enstit\u00fc m\u00fcd\u00fcrleriyle toplant\u0131s\u0131nda; vatanda\u015flar\u0131n m\u00fcmk\u00fcn oldu\u011fu kadar sosyal g\u00fcvenliklerinin sa\u011flanmas\u0131, ter\u00f6r ma\u011fdurlar\u0131n\u0131n sosyal ihtiya\u00e7lar\u0131n\u0131n kar\u015f\u0131lanmas\u0131 ve \u00e7al\u0131\u015fmalar sonucunda elde edilen sonu\u00e7lar\u0131n hedeflerle ba\u011fla\u015ft\u0131r\u0131lmas\u0131 \u00f6nemine dikkat \u00e7ekti.<\/p>\n<p>Bakanl\u0131\u011fa tabi m\u00fcd\u00fcrl\u00fckler ve kurumlar\u0131n\u0131n sergiledikleri performans\u0131n masaya yat\u0131r\u0131ld\u0131\u011f\u0131 oturumda Suriye co\u011frafyas\u0131n\u0131n genelinde e\u015fitli\u011fin sa\u011flanmas\u0131 gere\u011fine odaklan\u0131ld\u0131. Oturumcular sosyal adaletin sa\u011flanmas\u0131 i\u00e7in ulusal performans\u0131n uygun bir \u015fekilde kullan\u0131lmas\u0131 gere\u011fini belirterek, vatanda\u015flara sa\u011flanan hizmetlerin nitelik ve nicelik a\u00e7\u0131s\u0131ndan da \u00f6nemsenmesi \u00fczerine odakland\u0131.<\/p>\n<p>Bakan Kadiri oturum bitiminde il sosyal i\u015fler m\u00fcd\u00fcrlerinden m\u00fcd\u00fcrl\u00fckleri ve ona tabi t\u00fcm kurumlar\u0131n\u0131n hal\u0131 haz\u0131rdaki durumlar\u0131, performanslar\u0131 ve gelece\u011fe d\u00f6n\u00fck planlar\u0131na ili\u015fkin kapsaml\u0131 ve ayr\u0131nt\u0131l\u0131 raporlar haz\u0131rlamalar\u0131 talimatlar\u0131 verdi.<\/p>\n","protected":false},"excerpt":{"rendered":"<p>\u015eAM \u2013 Sosyal \u0130\u015fler Bakan\u0131 Rima el Kadiri sivil ve sosyal sekt\u00f6rle \u00e7abalar\u0131n yo\u011funla\u015ft\u0131r\u0131l\u0131p b\u00fct\u00fcnle\u015fmenin peki\u015ftirilmesi gere\u011fini belirtti. Bakan Kadiri illerdeki sosyal i\u015fler m\u00fcd\u00fcrleri ve bakanl\u0131\u011fa tabi enstit\u00fc m\u00fcd\u00fcrleriyle toplant\u0131s\u0131nda; vatanda\u015flar\u0131n m\u00fcmk\u00fcn oldu\u011fu kadar sosyal g\u00fcvenliklerinin sa\u011flanmas\u0131, ter\u00f6r ma\u011fdurlar\u0131n\u0131n sosyal ihtiya\u00e7lar\u0131n\u0131n kar\u015f\u0131lanmas\u0131 ve \u00e7al\u0131\u015fmalar sonucunda elde edilen sonu\u00e7lar\u0131n hedeflerle ba\u011fla\u015ft\u0131r\u0131lmas\u0131 \u00f6nemine dikkat \u00e7ekti. Bakanl\u0131\u011fa tabi &hellip;<\/p>\n","protected":false},"author":1,"featured_media":46438,"comment_status":"closed","ping_status":"closed","sticky":false,"template":"","format":"standard","meta":{"footnotes":""},"categories":[526,479,525,478],"tags":[16479,16687],"class_list":["post-46437","post","type-post","status-publish","format-standard","has-post-thumbnail","","category-haber-ve-raporlar","category-haberler-yerel","category-toplum","category-yerel","tag-sosyal-isler-bakani-rima-el-kadiri","tag-sosyal-isler-bakanligi-illerdeki-performansini-degerlendirdi"],"_links":{"self":[{"href":"https:\/\/archive.sana.sy\/tr\/index.php?rest_route=\/wp\/v2\/posts\/46437","targetHints":{"allow":["GET"]}}],"collection":[{"href":"https:\/\/archive.sana.sy\/tr\/index.php?rest_route=\/wp\/v2\/posts"}],"about":[{"href":"https:\/\/archive.sana.sy\/tr\/index.php?rest_route=\/wp\/v2\/types\/post"}],"author":[{"embeddable":true,"href":"https:\/\/archive.sana.sy\/tr\/index.php?rest_route=\/wp\/v2\/users\/1"}],"replies":[{"embeddable":true,"href":"https:\/\/archive.sana.sy\/tr\/index.php?rest_route=%2Fwp%2Fv2%2Fcomments&post=46437"}],"version-history":[{"count":0,"href":"https:\/\/archive.sana.sy\/tr\/index.php?rest_route=\/wp\/v2\/posts\/46437\/revisions"}],"wp:featuredmedia":[{"embeddable":true,"href":"https:\/\/archive.sana.sy\/tr\/index.php?rest_route=\/wp\/v2\/media\/46438"}],"wp:attachment":[{"href":"https:\/\/archive.sana.sy\/tr\/index.php?rest_route=%2Fwp%2Fv2%2Fmedia&parent=46437"}],"wp:term":[{"taxonomy":"category","embeddable":true,"href":"https:\/\/archive.sana.sy\/tr\/index.php?rest_route=%2Fwp%2Fv2%2Fcategories&post=46437"},{"taxonomy":"post_tag","embeddable":true,"href":"https:\/\/archive.sana.sy\/tr\/index.php?rest_route=%2Fwp%2Fv2%2Ftags&post=46437"}],"curies":[{"name":"wp","href":"https:\/\/api.w.org\/{rel}","templated":true}]}}