{"id":46440,"date":"2015-09-12T15:35:08","date_gmt":"2015-09-12T12:35:08","guid":{"rendered":"http:\/\/www.sana.sy\/tr\/?p=46440"},"modified":"2015-09-12T15:35:08","modified_gmt":"2015-09-12T12:35:08","slug":"abd-9-yil-oncesinde-tekfircileri-suriyede-kullanmayi-planliyordu","status":"publish","type":"post","link":"https:\/\/archive.sana.sy\/tr\/?p=46440","title":{"rendered":"ABD 9 Y\u0131l \u00d6ncesinde Tekfircileri Suriye&#8217;de Kullanmay\u0131 Planl\u0131yordu"},"content":{"rendered":"<p>MOSKOVA \u2013 Wikileaks&#8217;in kurucusu Julian Assange ABD\u2019nin Suriye&#8217;deki y\u00f6netimi y\u0131kmak i\u00e7in 9 y\u0131l \u00f6nce haz\u0131rlad\u0131\u011f\u0131 planlar\u0131 ortaya \u00e7\u0131kard\u0131.<\/p>\n<p>RT Kanal\u0131 ile \u00f6zel r\u00f6portaj\u0131nda Assange; ABD\u2019nin \u015eam B\u00fcy\u00fckel\u00e7isi William Roebuck\u2019un 9 y\u0131l \u00f6nce Suriye&#8217;de y\u00f6netimi y\u0131kmak i\u00e7in tekfirci ve radikal ter\u00f6ristleri kullanma \u00fczerine kurulu planlar haz\u0131rlad\u0131\u011f\u0131n\u0131 belirtti.<\/p>\n<p>Assange r\u00f6portajda \u2018Wikileaks Dosyalar\u0131\u2026 Amerika \u0130mparatorlu\u011funun G\u00f6z\u00fcyle D\u00fcnya\u2019 adl\u0131 kitab\u0131n\u0131n i\u00e7eri\u011fine \u0131\u015f\u0131k tutmas\u0131n\u0131n yan\u0131 s\u0131ra ABD ve istihbarat\u0131n\u0131n d\u0131\u015f politikas\u0131na ili\u015fkin olduk\u00e7a gizli bilgilere de dikkat \u00e7ekti.<\/p>\n<p>Kitab\u0131nda Suriye ile ilgili b\u00f6l\u00fcm\u00fcn dikkatle okunmas\u0131 ve sat\u0131rlar aras\u0131nda sakl\u0131 bilgilere dikkat edilmesi \u00e7a\u011fr\u0131s\u0131nda bulunan Assange; ABD b\u00fcy\u00fckel\u00e7isinin 2006 y\u0131l\u0131nda Washington idaresine g\u00f6nderdi\u011fi gizli mektuplara i\u015faret etti.<\/p>\n","protected":false},"excerpt":{"rendered":"<p>MOSKOVA \u2013 Wikileaks&#8217;in kurucusu Julian Assange ABD\u2019nin Suriye&#8217;deki y\u00f6netimi y\u0131kmak i\u00e7in 9 y\u0131l \u00f6nce haz\u0131rlad\u0131\u011f\u0131 planlar\u0131 ortaya \u00e7\u0131kard\u0131. RT Kanal\u0131 ile \u00f6zel r\u00f6portaj\u0131nda Assange; ABD\u2019nin \u015eam B\u00fcy\u00fckel\u00e7isi William Roebuck\u2019un 9 y\u0131l \u00f6nce Suriye&#8217;de y\u00f6netimi y\u0131kmak i\u00e7in tekfirci ve radikal ter\u00f6ristleri kullanma \u00fczerine kurulu planlar haz\u0131rlad\u0131\u011f\u0131n\u0131 belirtti. Assange r\u00f6portajda \u2018Wikileaks Dosyalar\u0131\u2026 Amerika \u0130mparatorlu\u011funun G\u00f6z\u00fcyle D\u00fcnya\u2019 adl\u0131 &hellip;<\/p>\n","protected":false},"author":1,"featured_media":46442,"comment_status":"closed","ping_status":"closed","sticky":false,"template":"","format":"standard","meta":{"footnotes":""},"categories":[556,458,559,459,447],"tags":[],"class_list":["post-46440","post","type-post","status-publish","format-standard","has-post-thumbnail","","category-basin","category-dunya1","category-dunya-basini","category-haberler-arap-uluslararasi-politika","category-politika"],"_links":{"self":[{"href":"https:\/\/archive.sana.sy\/tr\/index.php?rest_route=\/wp\/v2\/posts\/46440","targetHints":{"allow":["GET"]}}],"collection":[{"href":"https:\/\/archive.sana.sy\/tr\/index.php?rest_route=\/wp\/v2\/posts"}],"about":[{"href":"https:\/\/archive.sana.sy\/tr\/index.php?rest_route=\/wp\/v2\/types\/post"}],"author":[{"embeddable":true,"href":"https:\/\/archive.sana.sy\/tr\/index.php?rest_route=\/wp\/v2\/users\/1"}],"replies":[{"embeddable":true,"href":"https:\/\/archive.sana.sy\/tr\/index.php?rest_route=%2Fwp%2Fv2%2Fcomments&post=46440"}],"version-history":[{"count":0,"href":"https:\/\/archive.sana.sy\/tr\/index.php?rest_route=\/wp\/v2\/posts\/46440\/revisions"}],"wp:featuredmedia":[{"embeddable":true,"href":"https:\/\/archive.sana.sy\/tr\/index.php?rest_route=\/wp\/v2\/media\/46442"}],"wp:attachment":[{"href":"https:\/\/archive.sana.sy\/tr\/index.php?rest_route=%2Fwp%2Fv2%2Fmedia&parent=46440"}],"wp:term":[{"taxonomy":"category","embeddable":true,"href":"https:\/\/archive.sana.sy\/tr\/index.php?rest_route=%2Fwp%2Fv2%2Fcategories&post=46440"},{"taxonomy":"post_tag","embeddable":true,"href":"https:\/\/archive.sana.sy\/tr\/index.php?rest_route=%2Fwp%2Fv2%2Ftags&post=46440"}],"curies":[{"name":"wp","href":"https:\/\/api.w.org\/{rel}","templated":true}]}}