{"id":46504,"date":"2015-09-12T17:31:47","date_gmt":"2015-09-12T14:31:47","guid":{"rendered":"http:\/\/sana.sy\/tr\/?p=46504"},"modified":"2015-09-13T17:07:38","modified_gmt":"2015-09-13T14:07:38","slug":"zihinsel-engelli-akp-iktidari-tutumlarinda-tekfirci-teroristlerden-esinleniyor","status":"publish","type":"post","link":"https:\/\/archive.sana.sy\/tr\/?p=46504","title":{"rendered":"Zihinsel Engelli AKP \u0130ktidar\u0131 Tutumlar\u0131nda Tekfirci Ter\u00f6ristlerden Esinleniyor"},"content":{"rendered":"<p>\u015eAM \u2013 Enformasyon Bakan\u0131 Omran el Zoubi; \u0130ngiltere&#8217;nin, I\u015e\u0130D ve daha ba\u015fka ter\u00f6r \u00f6rg\u00fctlere kar\u015f\u0131 ciddi bir \u015fekilde sava\u015fan yegane devlet Suriye&#8217;ye y\u00f6nelik izledi\u011fi politikan\u0131n mant\u0131ktan uzak oldu\u011funu belirtti.<\/p>\n<p>\u0130ngiliz The Guardian Gazetesine bug\u00fcn yapt\u0131\u011f\u0131 a\u00e7\u0131klamada Bakan Zoubi; \u0130ngiltere d\u0131\u015fi\u015fleri bakan\u0131na \u2018Suriye&#8217;de cumhurba\u015fkan\u0131n\u0131n g\u00f6revinden \u00e7ekilmesi gerekiyor\u2019 deme hakk\u0131n\u0131 kimin verdi\u011fini sorusuna dikkat \u00e7ekerken; bu hakk\u0131n sadece ve sadece Suriye halk\u0131n\u0131n hakk\u0131 oldu\u011funun bir kez daha alt\u0131n\u0131 \u00e7izdi.<\/p>\n<p>\u0130ngiltere&#8217;nin tutum ve a\u00e7\u0131klamalar\u0131 bir birleriyle uyu\u015fmas\u0131 gerekti\u011fini ifade eden Zoubi; \u015fayet ger\u00e7ekten I\u015e\u0130D ve di\u011fer ter\u00f6re kar\u015f\u0131 olmas\u0131 halinde bu esasta davranmalar\u0131 gerekti\u011fini ifade etti.<\/p>\n<p>Bakan Zoubi \u0130ngiltere Ba\u015fbakan\u0131 David Cameron\u2019un d\u00f6nemi ge\u00e7en s\u00f6m\u00fcr\u00fc ve i\u015fgal tarihinden kalma mant\u0131kla hareket etti\u011fini ifade etti. \u0130ngiltere ve di\u011fer devletlerin Suriye halk\u0131na y\u00f6nelik ekonomik yapt\u0131r\u0131mlar\u0131 kald\u0131rmalar\u0131 gerekti\u011fini belirten Zoubi; Suriye halk\u0131n\u0131n b\u00fcy\u00fck ac\u0131lar\u0131na neden olan bu yapt\u0131r\u0131mlarla I\u015e\u0130D\u2019in yaz\u0131 ve turaya benzedi\u011fini s\u00f6yledi.<\/p>\n<p>Zoubi Suriye&#8217;nin radikal bir emirlik yada ikinci bir Suudi Arabistan olmas\u0131na izin verilmeyece\u011fini belirtirken, Suudi Arabistan\u2019\u0131 d\u00fcnyaya ter\u00f6rist ihra\u00e7 eden ter\u00f6r fabrikas\u0131na benzetti.<\/p>\n<p>Bakan Zoubi M\u0131s\u0131r\u2019daki M\u00fcsl\u00fcman Karde\u015fler Cemaati ve karde\u015fleri olan T\u00fcrkiye&#8217;deki AKP cemaatinin tutum ve politikalar\u0131nda Kaide \u00d6rg\u00fct\u00fc ve onun Suriye kolu Nusra Cephesine ilaveten daha ba\u015fka radikal ter\u00f6r \u00f6rg\u00fctlerden esinlendiklerine dikkat \u00e7ekti.<\/p>\n<p>T\u00fcrkiye h\u00fck\u00fcmeti, Katar ve daha ba\u015fka k\u00f6rfez \u00fclkesinin zihinsel engelli olduklar\u0131n\u0131 ifade eden Zoubi; NATO \u00fcyesi bir \u00fclkenin b\u00f6lgede ter\u00f6r\u00fc nas\u0131l destekledi\u011fi sorusuna i\u015faret etti.<\/p>\n<p>M\u00fclteciler konusunda ise Zoubi; bu meselenin sorumlulu\u011funun Suriye, Libya, yemen, Irak ve daha ba\u015fka devletlerde ter\u00f6r\u00fc destekleyen ba\u015fta ABD ve \u0130ngiltere gibi devletlere d\u00fc\u015ft\u00fc\u011f\u00fcn\u00fc ifade etti.<\/p>\n","protected":false},"excerpt":{"rendered":"<p>\u015eAM \u2013 Enformasyon Bakan\u0131 Omran el Zoubi; \u0130ngiltere&#8217;nin, I\u015e\u0130D ve daha ba\u015fka ter\u00f6r \u00f6rg\u00fctlere kar\u015f\u0131 ciddi bir \u015fekilde sava\u015fan yegane devlet Suriye&#8217;ye y\u00f6nelik izledi\u011fi politikan\u0131n mant\u0131ktan uzak oldu\u011funu belirtti. \u0130ngiliz The Guardian Gazetesine bug\u00fcn yapt\u0131\u011f\u0131 a\u00e7\u0131klamada Bakan Zoubi; \u0130ngiltere d\u0131\u015fi\u015fleri bakan\u0131na \u2018Suriye&#8217;de cumhurba\u015fkan\u0131n\u0131n g\u00f6revinden \u00e7ekilmesi gerekiyor\u2019 deme hakk\u0131n\u0131 kimin verdi\u011fini sorusuna dikkat \u00e7ekerken; bu hakk\u0131n &hellip;<\/p>\n","protected":false},"author":1,"featured_media":46505,"comment_status":"closed","ping_status":"closed","sticky":false,"template":"","format":"standard","meta":{"footnotes":""},"categories":[479,2554,2555,478],"tags":[16694],"class_list":["post-46504","post","type-post","status-publish","format-standard","has-post-thumbnail","","category-haberler-yerel","category-suriye-ve-dunya","category-suriye-ve-turkiye","category-yerel","tag-zihinsel-engelli-akp-iktidari-tutumlarinda-tekfirci-teroristlerden-esinleniyor"],"_links":{"self":[{"href":"https:\/\/archive.sana.sy\/tr\/index.php?rest_route=\/wp\/v2\/posts\/46504","targetHints":{"allow":["GET"]}}],"collection":[{"href":"https:\/\/archive.sana.sy\/tr\/index.php?rest_route=\/wp\/v2\/posts"}],"about":[{"href":"https:\/\/archive.sana.sy\/tr\/index.php?rest_route=\/wp\/v2\/types\/post"}],"author":[{"embeddable":true,"href":"https:\/\/archive.sana.sy\/tr\/index.php?rest_route=\/wp\/v2\/users\/1"}],"replies":[{"embeddable":true,"href":"https:\/\/archive.sana.sy\/tr\/index.php?rest_route=%2Fwp%2Fv2%2Fcomments&post=46504"}],"version-history":[{"count":0,"href":"https:\/\/archive.sana.sy\/tr\/index.php?rest_route=\/wp\/v2\/posts\/46504\/revisions"}],"wp:featuredmedia":[{"embeddable":true,"href":"https:\/\/archive.sana.sy\/tr\/index.php?rest_route=\/wp\/v2\/media\/46505"}],"wp:attachment":[{"href":"https:\/\/archive.sana.sy\/tr\/index.php?rest_route=%2Fwp%2Fv2%2Fmedia&parent=46504"}],"wp:term":[{"taxonomy":"category","embeddable":true,"href":"https:\/\/archive.sana.sy\/tr\/index.php?rest_route=%2Fwp%2Fv2%2Fcategories&post=46504"},{"taxonomy":"post_tag","embeddable":true,"href":"https:\/\/archive.sana.sy\/tr\/index.php?rest_route=%2Fwp%2Fv2%2Ftags&post=46504"}],"curies":[{"name":"wp","href":"https:\/\/api.w.org\/{rel}","templated":true}]}}