{"id":46510,"date":"2015-09-12T19:42:17","date_gmt":"2015-09-12T16:42:17","guid":{"rendered":"http:\/\/sana.sy\/tr\/?p=46510"},"modified":"2015-09-12T19:42:17","modified_gmt":"2015-09-12T16:42:17","slug":"turkiye-ve-bolgenin-yasadigi-durumlarin-temel-sorumlusu-erdogandir","status":"publish","type":"post","link":"https:\/\/archive.sana.sy\/tr\/?p=46510","title":{"rendered":"T\u00fcrkiye ve B\u00f6lgenin Ya\u015fad\u0131\u011f\u0131 Durumlar\u0131n Temel Sorumlusu Erdo\u011fand\u0131r"},"content":{"rendered":"<p>ANKARA \u2013 T\u00fcrkiye&#8217;de en bariz ayd\u0131n, gazeteci, yazar, \u015fair ve sanat\u00e7\u0131lardan olu\u015fan 300\u2019den fazla \u015fahsiyet bug\u00fcn imzalad\u0131klar\u0131 ortak deklarasyonda; T\u00fcrkiye&#8217;de rejim ba\u015fkan\u0131 Recep Tayyip Erdo\u011fan\u2019\u0131n rejimiyle birlikte Suriye&#8217;de ter\u00f6r \u00f6rg\u00fctleri desteklemesi nedeniyle T\u00fcrkiye ve t\u00fcm b\u00f6lgede ya\u015fananlar\u0131n ba\u015f sorumlusu oldu\u011funu belirtti.<\/p>\n<p>Deklarasyonu imzalayan s\u00f6z konusu \u015fahsiyetler; Erdo\u011fan ve rejiminin demokrasi ve insan haklar\u0131 kar\u015f\u0131t\u0131 politikalar\u0131ndan derin endi\u015fe duyduklar\u0131n\u0131 ifade etti. \u015eahsiyetler Erdo\u011fan\u2019\u0131n diktat\u00f6r y\u00f6netime \u0131srar\u0131 ve despotlu\u011funun T\u00fcrkiye&#8217;nin bu s\u00fcre\u00e7 i\u00e7inde ya\u015fad\u0131\u011f\u0131 t\u00fcm sorunlar\u0131n nedeni oldu\u011funu vurgulad\u0131.<\/p>\n<p>Bu gerginli\u011fin T\u00fcrkiye&#8217;de sosyal dokuya yans\u0131mas\u0131ndan da endi\u015fe duyduklar\u0131n\u0131 belirten \u015fahsiyetler; T\u00fcrkiye&#8217;nin AKP iktidar\u0131 ve Erdo\u011fan\u2019dan kurtulmas\u0131 i\u00e7in halk\u0131 yap\u0131lacak se\u00e7imlerde geni\u015f bir kat\u0131l\u0131ma \u00e7a\u011f\u0131rd\u0131lar.<\/p>\n","protected":false},"excerpt":{"rendered":"<p>ANKARA \u2013 T\u00fcrkiye&#8217;de en bariz ayd\u0131n, gazeteci, yazar, \u015fair ve sanat\u00e7\u0131lardan olu\u015fan 300\u2019den fazla \u015fahsiyet bug\u00fcn imzalad\u0131klar\u0131 ortak deklarasyonda; T\u00fcrkiye&#8217;de rejim ba\u015fkan\u0131 Recep Tayyip Erdo\u011fan\u2019\u0131n rejimiyle birlikte Suriye&#8217;de ter\u00f6r \u00f6rg\u00fctleri desteklemesi nedeniyle T\u00fcrkiye ve t\u00fcm b\u00f6lgede ya\u015fananlar\u0131n ba\u015f sorumlusu oldu\u011funu belirtti. Deklarasyonu imzalayan s\u00f6z konusu \u015fahsiyetler; Erdo\u011fan ve rejiminin demokrasi ve insan haklar\u0131 kar\u015f\u0131t\u0131 politikalar\u0131ndan &hellip;<\/p>\n","protected":false},"author":1,"featured_media":46511,"comment_status":"closed","ping_status":"closed","sticky":false,"template":"","format":"standard","meta":{"footnotes":""},"categories":[458,459,447,2554,2555],"tags":[16696],"class_list":["post-46510","post","type-post","status-publish","format-standard","has-post-thumbnail","","category-dunya1","category-haberler-arap-uluslararasi-politika","category-politika","category-suriye-ve-dunya","category-suriye-ve-turkiye","tag-turkiye-ve-bolgenin-yasadigi-durumlarin-temel-sorumlusu-erdogandir"],"_links":{"self":[{"href":"https:\/\/archive.sana.sy\/tr\/index.php?rest_route=\/wp\/v2\/posts\/46510","targetHints":{"allow":["GET"]}}],"collection":[{"href":"https:\/\/archive.sana.sy\/tr\/index.php?rest_route=\/wp\/v2\/posts"}],"about":[{"href":"https:\/\/archive.sana.sy\/tr\/index.php?rest_route=\/wp\/v2\/types\/post"}],"author":[{"embeddable":true,"href":"https:\/\/archive.sana.sy\/tr\/index.php?rest_route=\/wp\/v2\/users\/1"}],"replies":[{"embeddable":true,"href":"https:\/\/archive.sana.sy\/tr\/index.php?rest_route=%2Fwp%2Fv2%2Fcomments&post=46510"}],"version-history":[{"count":0,"href":"https:\/\/archive.sana.sy\/tr\/index.php?rest_route=\/wp\/v2\/posts\/46510\/revisions"}],"wp:featuredmedia":[{"embeddable":true,"href":"https:\/\/archive.sana.sy\/tr\/index.php?rest_route=\/wp\/v2\/media\/46511"}],"wp:attachment":[{"href":"https:\/\/archive.sana.sy\/tr\/index.php?rest_route=%2Fwp%2Fv2%2Fmedia&parent=46510"}],"wp:term":[{"taxonomy":"category","embeddable":true,"href":"https:\/\/archive.sana.sy\/tr\/index.php?rest_route=%2Fwp%2Fv2%2Fcategories&post=46510"},{"taxonomy":"post_tag","embeddable":true,"href":"https:\/\/archive.sana.sy\/tr\/index.php?rest_route=%2Fwp%2Fv2%2Ftags&post=46510"}],"curies":[{"name":"wp","href":"https:\/\/api.w.org\/{rel}","templated":true}]}}