{"id":46621,"date":"2015-09-13T11:30:09","date_gmt":"2015-09-13T08:30:09","guid":{"rendered":"http:\/\/www.sana.sy\/tr\/?p=46621"},"modified":"2015-09-13T14:48:06","modified_gmt":"2015-09-13T11:48:06","slug":"am-ve-kirsalina-ek-olarak-homs-ilinin-muhtelif-bolgelerinden-bugun-kanun-kacagi-108-kisi-silahlariyla-birlikte-ilgili-kurumlara-teslim-oldular","status":"publish","type":"post","link":"https:\/\/archive.sana.sy\/tr\/?p=46621","title":{"rendered":"\u015eam ve k\u0131rsal\u0131na ek olarak Homs \u0130linin muhtelif b\u00f6lgelerinden bug\u00fcn kanun ka\u00e7a\u011f\u0131 108 ki\u015fi silahlar\u0131yla birlikte ilgili kurumlara teslim oldular"},"content":{"rendered":"<p>\u015eam ve k\u0131rsal\u0131na ek olarak Homs \u0130linin muhtelif b\u00f6lgelerinden bug\u00fcn kanun ka\u00e7a\u011f\u0131 108 ki\u015fi silahlar\u0131yla birlikte ilgili kurumlara teslim oldular<\/p>\n","protected":false},"excerpt":{"rendered":"<p>\u015eam ve k\u0131rsal\u0131na ek olarak Homs \u0130linin muhtelif b\u00f6lgelerinden bug\u00fcn kanun ka\u00e7a\u011f\u0131 108 ki\u015fi silahlar\u0131yla birlikte ilgili kurumlara teslim oldular<\/p>\n","protected":false},"author":1,"featured_media":0,"comment_status":"closed","ping_status":"closed","sticky":false,"template":"","format":"standard","meta":{"footnotes":""},"categories":[1],"tags":[],"class_list":["post-46621","post","type-post","status-publish","format-standard","","category-news-not-sorted"],"_links":{"self":[{"href":"https:\/\/archive.sana.sy\/tr\/index.php?rest_route=\/wp\/v2\/posts\/46621","targetHints":{"allow":["GET"]}}],"collection":[{"href":"https:\/\/archive.sana.sy\/tr\/index.php?rest_route=\/wp\/v2\/posts"}],"about":[{"href":"https:\/\/archive.sana.sy\/tr\/index.php?rest_route=\/wp\/v2\/types\/post"}],"author":[{"embeddable":true,"href":"https:\/\/archive.sana.sy\/tr\/index.php?rest_route=\/wp\/v2\/users\/1"}],"replies":[{"embeddable":true,"href":"https:\/\/archive.sana.sy\/tr\/index.php?rest_route=%2Fwp%2Fv2%2Fcomments&post=46621"}],"version-history":[{"count":0,"href":"https:\/\/archive.sana.sy\/tr\/index.php?rest_route=\/wp\/v2\/posts\/46621\/revisions"}],"wp:attachment":[{"href":"https:\/\/archive.sana.sy\/tr\/index.php?rest_route=%2Fwp%2Fv2%2Fmedia&parent=46621"}],"wp:term":[{"taxonomy":"category","embeddable":true,"href":"https:\/\/archive.sana.sy\/tr\/index.php?rest_route=%2Fwp%2Fv2%2Fcategories&post=46621"},{"taxonomy":"post_tag","embeddable":true,"href":"https:\/\/archive.sana.sy\/tr\/index.php?rest_route=%2Fwp%2Fv2%2Ftags&post=46621"}],"curies":[{"name":"wp","href":"https:\/\/api.w.org\/{rel}","templated":true}]}}