{"id":46683,"date":"2015-09-13T15:35:04","date_gmt":"2015-09-13T12:35:04","guid":{"rendered":"http:\/\/www.sana.sy\/tr\/?p=46683"},"modified":"2015-09-13T15:37:50","modified_gmt":"2015-09-13T12:37:50","slug":"askeri-goreve-cagrilan-devlet-memurlarinin-tumu-memur-haklarini-koruyacak","status":"publish","type":"post","link":"https:\/\/archive.sana.sy\/tr\/?p=46683","title":{"rendered":"Askeri G\u00f6reve \u00c7a\u011fr\u0131lan Devlet Memurlar\u0131n\u0131n T\u00fcm\u00fc Memur Haklar\u0131n\u0131 Koruyacak"},"content":{"rendered":"<p>\u015eAM \u2013 Cumhurba\u015fkan\u0131 Be\u015f\u015far el Esad bug\u00fcn; askerlik hizmeti kanununun d\u00fczeltilmi\u015f 2. ve 3. maddelerinin askerlik hizmeti yapan t\u00fcm ihtiyat g\u00fc\u00e7lere uygulanmas\u0131n\u0131 \u00f6ng\u00f6ren 2015\/38 say\u0131l\u0131 yasama karar\u0131n\u0131 onaylad\u0131.<\/p>\n<p>Askerlik hizmeti kanunun 74. maddesinin 2. ve 3. f\u0131kralar\u0131 daha \u00f6nce 03-08-2014 tarihinden itibaren askerlik hizmetine kat\u0131lanlar\u0131 kapsarken, yeni yasama karar\u0131yla 15-03-2011 tarihinden itibaren askerlik hizmetine kat\u0131lan t\u00fcm askerleri kapsayacak.<\/p>\n<p>Bu arada askerlik hizmeti kanunun 74. maddesinin 2. f\u0131kras\u0131; ihtiyat olarak askerlik hizmetine \u00e7a\u011fr\u0131lan memurlar\u0131n askerlik hizmetinde buluklar\u0131 s\u00fcre boyunca g\u00f6revleri ba\u015f\u0131nda bulunan t\u00fcm memurlar gibi maa\u015flar\u0131n\u0131 almalar\u0131 ve t\u00fcm terfi haklar\u0131n\u0131 korumalar\u0131n\u0131 \u00f6ng\u00f6r\u00fcyor.<\/p>\n<p>3. f\u0131kra ise askerlik hizmetleri sona ermesi ard\u0131ndan s\u00f6z konusu memurlar, 15 g\u00fcn i\u00e7inde tabi olduklar\u0131 kurumlara ba\u015fvuruda bulunmalar\u0131 ko\u015fuluyla eski i\u015flerine d\u00f6nme hakk\u0131n\u0131 koruyor.<br \/>\nEl Esad\u2019\u0131n bug\u00fcn onaylad\u0131\u011f\u0131 yasama karar\u0131 ayn\u0131 \u015fekilde \u00f6zel ya da yar\u0131 \u00f6zel kurumlarda \u00e7al\u0131\u015fan memurlar\u0131n da benzer haklardan yararlanmalar\u0131n\u0131 \u00f6ng\u00f6r\u00fcyor.<\/p>\n","protected":false},"excerpt":{"rendered":"<p>\u015eAM \u2013 Cumhurba\u015fkan\u0131 Be\u015f\u015far el Esad bug\u00fcn; askerlik hizmeti kanununun d\u00fczeltilmi\u015f 2. ve 3. maddelerinin askerlik hizmeti yapan t\u00fcm ihtiyat g\u00fc\u00e7lere uygulanmas\u0131n\u0131 \u00f6ng\u00f6ren 2015\/38 say\u0131l\u0131 yasama karar\u0131n\u0131 onaylad\u0131. Askerlik hizmeti kanunun 74. maddesinin 2. ve 3. f\u0131kralar\u0131 daha \u00f6nce 03-08-2014 tarihinden itibaren askerlik hizmetine kat\u0131lanlar\u0131 kapsarken, yeni yasama karar\u0131yla 15-03-2011 tarihinden itibaren askerlik hizmetine kat\u0131lan &hellip;<\/p>\n","protected":false},"author":1,"featured_media":27410,"comment_status":"closed","ping_status":"closed","sticky":false,"template":"","format":"standard","meta":{"footnotes":""},"categories":[479,605,612,599,478],"tags":[16713,16402,16714],"class_list":["post-46683","post","type-post","status-publish","format-standard","has-post-thumbnail","","category-haberler-yerel","category-sayin-cumhurbaskani","category-yasama-kararnameler","category-yasama-ve-kanunlar","category-yerel","tag-askeri-goreve-cagrilan-devlet-memurlarinin-tumu-memur-haklarini-koruyacak","tag-cumhurbaskani-bessar-el-esad","tag-yasama-karari"],"_links":{"self":[{"href":"https:\/\/archive.sana.sy\/tr\/index.php?rest_route=\/wp\/v2\/posts\/46683","targetHints":{"allow":["GET"]}}],"collection":[{"href":"https:\/\/archive.sana.sy\/tr\/index.php?rest_route=\/wp\/v2\/posts"}],"about":[{"href":"https:\/\/archive.sana.sy\/tr\/index.php?rest_route=\/wp\/v2\/types\/post"}],"author":[{"embeddable":true,"href":"https:\/\/archive.sana.sy\/tr\/index.php?rest_route=\/wp\/v2\/users\/1"}],"replies":[{"embeddable":true,"href":"https:\/\/archive.sana.sy\/tr\/index.php?rest_route=%2Fwp%2Fv2%2Fcomments&post=46683"}],"version-history":[{"count":0,"href":"https:\/\/archive.sana.sy\/tr\/index.php?rest_route=\/wp\/v2\/posts\/46683\/revisions"}],"wp:featuredmedia":[{"embeddable":true,"href":"https:\/\/archive.sana.sy\/tr\/index.php?rest_route=\/wp\/v2\/media\/27410"}],"wp:attachment":[{"href":"https:\/\/archive.sana.sy\/tr\/index.php?rest_route=%2Fwp%2Fv2%2Fmedia&parent=46683"}],"wp:term":[{"taxonomy":"category","embeddable":true,"href":"https:\/\/archive.sana.sy\/tr\/index.php?rest_route=%2Fwp%2Fv2%2Fcategories&post=46683"},{"taxonomy":"post_tag","embeddable":true,"href":"https:\/\/archive.sana.sy\/tr\/index.php?rest_route=%2Fwp%2Fv2%2Ftags&post=46683"}],"curies":[{"name":"wp","href":"https:\/\/api.w.org\/{rel}","templated":true}]}}