{"id":46687,"date":"2015-09-13T13:30:33","date_gmt":"2015-09-13T10:30:33","guid":{"rendered":"http:\/\/www.sana.sy\/tr\/?p=46687"},"modified":"2015-09-13T15:45:53","modified_gmt":"2015-09-13T12:45:53","slug":"sam-emniyet-mudurlugunde-bir-kaynak-tekfirci-teror-cetelerin-bugun-baskent-samin-bab-tuma-semtini-havan-roketiyle-hedef-almalari-sonucunda-1-vatandasin-sehit-8-vatandasin-da-yarali-dustugunu","status":"publish","type":"post","link":"https:\/\/archive.sana.sy\/tr\/?p=46687","title":{"rendered":"\u015eam Emniyet M\u00fcd\u00fcrl\u00fc\u011f\u00fcnde bir kaynak tekfirci ter\u00f6r \u00e7etelerin bug\u00fcn ba\u015fkent \u015eam\u2019\u0131n Bab Tuma Semtini havan roketiyle hedef almalar\u0131 sonucunda 1 vatanda\u015f\u0131n \u015fehit, 8 vatanda\u015f\u0131n da yaral\u0131 d\u00fc\u015ft\u00fc\u011f\u00fcn\u00fc belirtti"},"content":{"rendered":"<p>\u015eam Emniyet M\u00fcd\u00fcrl\u00fc\u011f\u00fcnde bir kaynak tekfirci ter\u00f6r \u00e7etelerin bug\u00fcn ba\u015fkent \u015eam\u2019\u0131n Bab Tuma Semtini havan roketiyle hedef almalar\u0131 sonucunda 1 vatanda\u015f\u0131n \u015fehit, 8 vatanda\u015f\u0131n da yaral\u0131 d\u00fc\u015ft\u00fc\u011f\u00fcn\u00fc belirtti<\/p>\n","protected":false},"excerpt":{"rendered":"<p>\u015eam Emniyet M\u00fcd\u00fcrl\u00fc\u011f\u00fcnde bir kaynak tekfirci ter\u00f6r \u00e7etelerin bug\u00fcn ba\u015fkent \u015eam\u2019\u0131n Bab Tuma Semtini havan roketiyle hedef almalar\u0131 sonucunda 1 vatanda\u015f\u0131n \u015fehit, 8 vatanda\u015f\u0131n da yaral\u0131 d\u00fc\u015ft\u00fc\u011f\u00fcn\u00fc belirtti<\/p>\n","protected":false},"author":1,"featured_media":0,"comment_status":"closed","ping_status":"closed","sticky":false,"template":"","format":"standard","meta":{"footnotes":""},"categories":[1],"tags":[],"class_list":["post-46687","post","type-post","status-publish","format-standard","","category-news-not-sorted"],"_links":{"self":[{"href":"https:\/\/archive.sana.sy\/tr\/index.php?rest_route=\/wp\/v2\/posts\/46687","targetHints":{"allow":["GET"]}}],"collection":[{"href":"https:\/\/archive.sana.sy\/tr\/index.php?rest_route=\/wp\/v2\/posts"}],"about":[{"href":"https:\/\/archive.sana.sy\/tr\/index.php?rest_route=\/wp\/v2\/types\/post"}],"author":[{"embeddable":true,"href":"https:\/\/archive.sana.sy\/tr\/index.php?rest_route=\/wp\/v2\/users\/1"}],"replies":[{"embeddable":true,"href":"https:\/\/archive.sana.sy\/tr\/index.php?rest_route=%2Fwp%2Fv2%2Fcomments&post=46687"}],"version-history":[{"count":0,"href":"https:\/\/archive.sana.sy\/tr\/index.php?rest_route=\/wp\/v2\/posts\/46687\/revisions"}],"wp:attachment":[{"href":"https:\/\/archive.sana.sy\/tr\/index.php?rest_route=%2Fwp%2Fv2%2Fmedia&parent=46687"}],"wp:term":[{"taxonomy":"category","embeddable":true,"href":"https:\/\/archive.sana.sy\/tr\/index.php?rest_route=%2Fwp%2Fv2%2Fcategories&post=46687"},{"taxonomy":"post_tag","embeddable":true,"href":"https:\/\/archive.sana.sy\/tr\/index.php?rest_route=%2Fwp%2Fv2%2Ftags&post=46687"}],"curies":[{"name":"wp","href":"https:\/\/api.w.org\/{rel}","templated":true}]}}