{"id":46688,"date":"2015-09-13T16:24:36","date_gmt":"2015-09-13T13:24:36","guid":{"rendered":"http:\/\/www.sana.sy\/tr\/?p=46688"},"modified":"2015-09-13T16:24:36","modified_gmt":"2015-09-13T13:24:36","slug":"agir-kayiplarinin-hincini-masum-sivillerden-almaya-calisiyorlar","status":"publish","type":"post","link":"https:\/\/archive.sana.sy\/tr\/?p=46688","title":{"rendered":"A\u011f\u0131r Kay\u0131plar\u0131n\u0131n H\u0131nc\u0131n\u0131 Masum Sivillerden Almaya \u00c7al\u0131\u015f\u0131yorlar"},"content":{"rendered":"<p>\u015eAM \u2013 Ordu birliklerimizin bir\u00e7ok yerde say\u0131 ve ara\u00e7lar\u0131yla a\u011f\u0131r kay\u0131plara u\u011fratt\u0131klar\u0131 ter\u00f6r \u00e7eteleri, bu kay\u0131plar\u0131n h\u0131nc\u0131n\u0131 sivil b\u00f6lgelere gaddar ve korkak roket sald\u0131r\u0131lar\u0131yla almaya \u00e7al\u0131\u015f\u0131yorlar.<\/p>\n<p>\u015eam Emniyet M\u00fcd\u00fcrl\u00fc\u011f\u00fcnde bir kaynak tekfirci ter\u00f6r \u00e7etelerin bug\u00fcn ba\u015fkent \u015eam\u2019\u0131n muhtelif sivil yerle\u015fim alanlar\u0131n\u0131 havan roketiyle hedef almalar\u0131 sonucunda 1 vatanda\u015f\u0131n \u015fehit, aralar\u0131nda bir ayl\u0131k bir bebe\u011fin bulundu\u011fu 9 vatanda\u015f\u0131n da yaral\u0131 d\u00fc\u015ft\u00fc\u011f\u00fcn\u00fc belirtti.<\/p>\n<p>Kaynak sald\u0131r\u0131larda ayr\u0131ca vatanda\u015flar\u0131n evleri, i\u015fyerleri ve ara\u00e7lar\u0131n\u0131n da b\u00fcy\u00fck hasara u\u011frad\u0131\u011f\u0131n\u0131 s\u00f6zlerine ekledi.<\/p>\n","protected":false},"excerpt":{"rendered":"<p>\u015eAM \u2013 Ordu birliklerimizin bir\u00e7ok yerde say\u0131 ve ara\u00e7lar\u0131yla a\u011f\u0131r kay\u0131plara u\u011fratt\u0131klar\u0131 ter\u00f6r \u00e7eteleri, bu kay\u0131plar\u0131n h\u0131nc\u0131n\u0131 sivil b\u00f6lgelere gaddar ve korkak roket sald\u0131r\u0131lar\u0131yla almaya \u00e7al\u0131\u015f\u0131yorlar. \u015eam Emniyet M\u00fcd\u00fcrl\u00fc\u011f\u00fcnde bir kaynak tekfirci ter\u00f6r \u00e7etelerin bug\u00fcn ba\u015fkent \u015eam\u2019\u0131n muhtelif sivil yerle\u015fim alanlar\u0131n\u0131 havan roketiyle hedef almalar\u0131 sonucunda 1 vatanda\u015f\u0131n \u015fehit, aralar\u0131nda bir ayl\u0131k bir bebe\u011fin bulundu\u011fu &hellip;<\/p>\n","protected":false},"author":1,"featured_media":46696,"comment_status":"closed","ping_status":"closed","sticky":false,"template":"","format":"standard","meta":{"footnotes":""},"categories":[479,575,478],"tags":[16715,5010],"class_list":["post-46688","post","type-post","status-publish","format-standard","has-post-thumbnail","","category-haberler-yerel","category-olaylar-ve-gercekler","category-yerel","tag-agir-kayiplarinin-hincini-masum-sivillerden-almaya-calisiyorlar","tag-havan-saldirilari"],"_links":{"self":[{"href":"https:\/\/archive.sana.sy\/tr\/index.php?rest_route=\/wp\/v2\/posts\/46688","targetHints":{"allow":["GET"]}}],"collection":[{"href":"https:\/\/archive.sana.sy\/tr\/index.php?rest_route=\/wp\/v2\/posts"}],"about":[{"href":"https:\/\/archive.sana.sy\/tr\/index.php?rest_route=\/wp\/v2\/types\/post"}],"author":[{"embeddable":true,"href":"https:\/\/archive.sana.sy\/tr\/index.php?rest_route=\/wp\/v2\/users\/1"}],"replies":[{"embeddable":true,"href":"https:\/\/archive.sana.sy\/tr\/index.php?rest_route=%2Fwp%2Fv2%2Fcomments&post=46688"}],"version-history":[{"count":0,"href":"https:\/\/archive.sana.sy\/tr\/index.php?rest_route=\/wp\/v2\/posts\/46688\/revisions"}],"wp:featuredmedia":[{"embeddable":true,"href":"https:\/\/archive.sana.sy\/tr\/index.php?rest_route=\/wp\/v2\/media\/46696"}],"wp:attachment":[{"href":"https:\/\/archive.sana.sy\/tr\/index.php?rest_route=%2Fwp%2Fv2%2Fmedia&parent=46688"}],"wp:term":[{"taxonomy":"category","embeddable":true,"href":"https:\/\/archive.sana.sy\/tr\/index.php?rest_route=%2Fwp%2Fv2%2Fcategories&post=46688"},{"taxonomy":"post_tag","embeddable":true,"href":"https:\/\/archive.sana.sy\/tr\/index.php?rest_route=%2Fwp%2Fv2%2Ftags&post=46688"}],"curies":[{"name":"wp","href":"https:\/\/api.w.org\/{rel}","templated":true}]}}