{"id":46690,"date":"2015-09-13T13:25:08","date_gmt":"2015-09-13T10:25:08","guid":{"rendered":"http:\/\/www.sana.sy\/tr\/?p=46690"},"modified":"2015-09-13T16:03:54","modified_gmt":"2015-09-13T13:03:54","slug":"sam-kirsalinin-73-km-dogusu-cub-el-cerrah-bolgesinde-ise-mekser-el-hisan-koyune-sizmaya-calisan-isid-tekfircileriyle-sicak-temasa-giren-ordu-birliklerimiz-saldirganlarin-bir-kismini-olu-dusurmesi-ard","status":"publish","type":"post","link":"https:\/\/archive.sana.sy\/tr\/?p=46690","title":{"rendered":"\u015eam k\u0131rsal\u0131n\u0131n 73 km do\u011fusu Cub el Cerrah B\u00f6lgesinde ise Mekser el H\u0131san K\u00f6y\u00fcne s\u0131zmaya \u00e7al\u0131\u015fan I\u015e\u0130D tekfircileriyle s\u0131cak temasa giren ordu birliklerimiz, sald\u0131rganlar\u0131n bir k\u0131sm\u0131n\u0131 \u00f6l\u00fc d\u00fc\u015f\u00fcrmesi ard\u0131ndan ka\u00e7an ter\u00f6ristleri kovalama operasyonu ba\u015flatt\u0131"},"content":{"rendered":"<p>\u015eam k\u0131rsal\u0131n\u0131n 73 km do\u011fusu Cub el Cerrah B\u00f6lgesinde ise Mekser el H\u0131san K\u00f6y\u00fcne s\u0131zmaya \u00e7al\u0131\u015fan I\u015e\u0130D tekfircileriyle s\u0131cak temasa giren ordu birliklerimiz, sald\u0131rganlar\u0131n bir k\u0131sm\u0131n\u0131 \u00f6l\u00fc d\u00fc\u015f\u00fcrmesi ard\u0131ndan ka\u00e7an ter\u00f6ristleri kovalama operasyonu ba\u015flatt\u0131<\/p>\n","protected":false},"excerpt":{"rendered":"<p>\u015eam k\u0131rsal\u0131n\u0131n 73 km do\u011fusu Cub el Cerrah B\u00f6lgesinde ise Mekser el H\u0131san K\u00f6y\u00fcne s\u0131zmaya \u00e7al\u0131\u015fan I\u015e\u0130D tekfircileriyle s\u0131cak temasa giren ordu birliklerimiz, sald\u0131rganlar\u0131n bir k\u0131sm\u0131n\u0131 \u00f6l\u00fc d\u00fc\u015f\u00fcrmesi ard\u0131ndan ka\u00e7an ter\u00f6ristleri kovalama operasyonu ba\u015flatt\u0131<\/p>\n","protected":false},"author":1,"featured_media":0,"comment_status":"closed","ping_status":"closed","sticky":false,"template":"","format":"standard","meta":{"footnotes":""},"categories":[1],"tags":[],"class_list":["post-46690","post","type-post","status-publish","format-standard","","category-news-not-sorted"],"_links":{"self":[{"href":"https:\/\/archive.sana.sy\/tr\/index.php?rest_route=\/wp\/v2\/posts\/46690","targetHints":{"allow":["GET"]}}],"collection":[{"href":"https:\/\/archive.sana.sy\/tr\/index.php?rest_route=\/wp\/v2\/posts"}],"about":[{"href":"https:\/\/archive.sana.sy\/tr\/index.php?rest_route=\/wp\/v2\/types\/post"}],"author":[{"embeddable":true,"href":"https:\/\/archive.sana.sy\/tr\/index.php?rest_route=\/wp\/v2\/users\/1"}],"replies":[{"embeddable":true,"href":"https:\/\/archive.sana.sy\/tr\/index.php?rest_route=%2Fwp%2Fv2%2Fcomments&post=46690"}],"version-history":[{"count":0,"href":"https:\/\/archive.sana.sy\/tr\/index.php?rest_route=\/wp\/v2\/posts\/46690\/revisions"}],"wp:attachment":[{"href":"https:\/\/archive.sana.sy\/tr\/index.php?rest_route=%2Fwp%2Fv2%2Fmedia&parent=46690"}],"wp:term":[{"taxonomy":"category","embeddable":true,"href":"https:\/\/archive.sana.sy\/tr\/index.php?rest_route=%2Fwp%2Fv2%2Fcategories&post=46690"},{"taxonomy":"post_tag","embeddable":true,"href":"https:\/\/archive.sana.sy\/tr\/index.php?rest_route=%2Fwp%2Fv2%2Ftags&post=46690"}],"curies":[{"name":"wp","href":"https:\/\/api.w.org\/{rel}","templated":true}]}}