{"id":46695,"date":"2015-09-13T16:33:33","date_gmt":"2015-09-13T13:33:33","guid":{"rendered":"http:\/\/www.sana.sy\/tr\/?p=46695"},"modified":"2015-09-13T16:33:36","modified_gmt":"2015-09-13T13:33:36","slug":"teror-ile-multeci-davasi-birbirleriyle-baglantilidir","status":"publish","type":"post","link":"https:\/\/archive.sana.sy\/tr\/?p=46695","title":{"rendered":"Ter\u00f6r ile M\u00fclteci Davas\u0131 Birbirleriyle Ba\u011flant\u0131l\u0131d\u0131r"},"content":{"rendered":"<p>MOSKOVA \u2013 Rusya D\u0131\u015fi\u015fleri Bakan\u0131 Sergey Lavrov Avrupa&#8217;ya ak\u0131n eden m\u00fclteci sorunundaki t\u0131rmanma ile \u00f6zellikle Suriye ve Irak\u2019ta ba\u015fta olmak \u00fczere Ortado\u011fu ve Kuzey Afrika\u2019da yay\u0131lan ter\u00f6r tehlikesi aras\u0131nda direk bir ili\u015fki bulundu\u011funu belirtti.<\/p>\n<p>Rus Birinci kanal\u0131n yay\u0131nlad\u0131\u011f\u0131 r\u00f6portaj\u0131nda Lavrov; b\u00f6lge ve t\u00fcm d\u00fcnyay\u0131 tehdit eden ter\u00f6re kar\u015f\u0131 sava\u015f\u0131n uzun ve zor olaca\u011f\u0131n\u0131 belirtirken bu sava\u015f olmadan b\u00f6lgede istikrar\u0131n sa\u011flanamayaca\u011f\u0131n\u0131 ifade etti. Lavrov bundan dolay\u0131 daha fazla say\u0131da m\u00fcltecinin b\u00f6lgede ter\u00f6r eylemlerinden ka\u00e7arak Avrupa \u00fclkelerine ak\u0131n etmelerinin beklendi\u011fini s\u00f6zlerine ekledi.<\/p>\n<p>Rusya D\u0131\u015fi\u015fleri Bakan\u0131 Lavrov; Avrupa&#8217;ya giden m\u00fclteciler meselesinin Avrupa devletlerinin i\u00e7 meselesi oldu\u011funa i\u015faret ederken, Rusya&#8217;n\u0131n m\u00fclteci s\u0131fat\u0131n\u0131 ta\u015f\u0131yanlar konusunda \u00fcst\u00fcne d\u00fc\u015feni yapmaya haz\u0131r oldu\u011funu da ifade etti.<\/p>\n","protected":false},"excerpt":{"rendered":"<p>MOSKOVA \u2013 Rusya D\u0131\u015fi\u015fleri Bakan\u0131 Sergey Lavrov Avrupa&#8217;ya ak\u0131n eden m\u00fclteci sorunundaki t\u0131rmanma ile \u00f6zellikle Suriye ve Irak\u2019ta ba\u015fta olmak \u00fczere Ortado\u011fu ve Kuzey Afrika\u2019da yay\u0131lan ter\u00f6r tehlikesi aras\u0131nda direk bir ili\u015fki bulundu\u011funu belirtti. Rus Birinci kanal\u0131n yay\u0131nlad\u0131\u011f\u0131 r\u00f6portaj\u0131nda Lavrov; b\u00f6lge ve t\u00fcm d\u00fcnyay\u0131 tehdit eden ter\u00f6re kar\u015f\u0131 sava\u015f\u0131n uzun ve zor olaca\u011f\u0131n\u0131 belirtirken bu &hellip;<\/p>\n","protected":false},"author":1,"featured_media":46699,"comment_status":"closed","ping_status":"closed","sticky":false,"template":"","format":"standard","meta":{"footnotes":""},"categories":[458,459,447],"tags":[16717,10651,16718,16716],"class_list":["post-46695","post","type-post","status-publish","format-standard","has-post-thumbnail","","category-dunya1","category-haberler-arap-uluslararasi-politika","category-politika","tag-multeciler","tag-rusya-disisleri-bakani-sergey-lavrov","tag-siginmacilar","tag-teror-ile-multeci-davasi-birbirleriyle-baglantilidir"],"_links":{"self":[{"href":"https:\/\/archive.sana.sy\/tr\/index.php?rest_route=\/wp\/v2\/posts\/46695","targetHints":{"allow":["GET"]}}],"collection":[{"href":"https:\/\/archive.sana.sy\/tr\/index.php?rest_route=\/wp\/v2\/posts"}],"about":[{"href":"https:\/\/archive.sana.sy\/tr\/index.php?rest_route=\/wp\/v2\/types\/post"}],"author":[{"embeddable":true,"href":"https:\/\/archive.sana.sy\/tr\/index.php?rest_route=\/wp\/v2\/users\/1"}],"replies":[{"embeddable":true,"href":"https:\/\/archive.sana.sy\/tr\/index.php?rest_route=%2Fwp%2Fv2%2Fcomments&post=46695"}],"version-history":[{"count":0,"href":"https:\/\/archive.sana.sy\/tr\/index.php?rest_route=\/wp\/v2\/posts\/46695\/revisions"}],"wp:featuredmedia":[{"embeddable":true,"href":"https:\/\/archive.sana.sy\/tr\/index.php?rest_route=\/wp\/v2\/media\/46699"}],"wp:attachment":[{"href":"https:\/\/archive.sana.sy\/tr\/index.php?rest_route=%2Fwp%2Fv2%2Fmedia&parent=46695"}],"wp:term":[{"taxonomy":"category","embeddable":true,"href":"https:\/\/archive.sana.sy\/tr\/index.php?rest_route=%2Fwp%2Fv2%2Fcategories&post=46695"},{"taxonomy":"post_tag","embeddable":true,"href":"https:\/\/archive.sana.sy\/tr\/index.php?rest_route=%2Fwp%2Fv2%2Ftags&post=46695"}],"curies":[{"name":"wp","href":"https:\/\/api.w.org\/{rel}","templated":true}]}}