{"id":46765,"date":"2015-09-14T13:36:54","date_gmt":"2015-09-14T10:36:54","guid":{"rendered":"http:\/\/www.sana.sy\/tr\/?p=46765"},"modified":"2015-09-14T13:36:54","modified_gmt":"2015-09-14T10:36:54","slug":"yanlislikla-12-turisti-oldurdu","status":"publish","type":"post","link":"https:\/\/archive.sana.sy\/tr\/?p=46765","title":{"rendered":"Yanl\u0131\u015fl\u0131kla 12 Turisti \u00d6ld\u00fcrd\u00fc"},"content":{"rendered":"<p>KAH\u0130RE \u2013 M\u0131s\u0131r silahl\u0131 kuvvetlerinin \u00fclkenin bat\u0131s\u0131ndaki \u00e7\u00f6l b\u00f6lgesinde tekfirci ter\u00f6ristlere kar\u015f\u0131 operasyonlar\u0131 s\u0131ras\u0131nda aralar\u0131nda M\u0131s\u0131rl\u0131 ve Meksikal\u0131 turistlerin bulundu\u011fu 12 ki\u015fiyi \u00f6l\u00fc, 10 ki\u015fiyi de yaral\u0131 d\u00fc\u015f\u00fcrd\u00fc.<\/p>\n<p>M\u0131s\u0131r Turizm Bakanl\u0131\u011f\u0131 m\u0131s\u0131r g\u00fcvenlik g\u00fc\u00e7lerinin sivillere yasak b\u00f6lge olarak ilan edilen s\u00f6z konusu b\u00f6lgede bir ter\u00f6r grubunu kovalarken yanl\u0131\u015fl\u0131kla meydana gelen bu hadiseden b\u00fcy\u00fck bir \u00fcz\u00fcnt\u00fc duydu\u011funu ifade etti.<\/p>\n<p>Bu arada Meksika d\u0131\u015fi\u015fleri bakanl\u0131\u011f\u0131 elem verici bu olayda Meksikal\u0131 iki turistin \u00f6ld\u00fc\u011f\u00fcn\u00fc a\u00e7\u0131klarken Meksika devlet ba\u015fkan\u0131 M\u0131s\u0131r otoritelerini olaya ili\u015fkin kapsaml\u0131 bir soru\u015fturma ba\u015flatmalar\u0131na \u00e7a\u011f\u0131rd\u0131.<\/p>\n","protected":false},"excerpt":{"rendered":"<p>KAH\u0130RE \u2013 M\u0131s\u0131r silahl\u0131 kuvvetlerinin \u00fclkenin bat\u0131s\u0131ndaki \u00e7\u00f6l b\u00f6lgesinde tekfirci ter\u00f6ristlere kar\u015f\u0131 operasyonlar\u0131 s\u0131ras\u0131nda aralar\u0131nda M\u0131s\u0131rl\u0131 ve Meksikal\u0131 turistlerin bulundu\u011fu 12 ki\u015fiyi \u00f6l\u00fc, 10 ki\u015fiyi de yaral\u0131 d\u00fc\u015f\u00fcrd\u00fc. M\u0131s\u0131r Turizm Bakanl\u0131\u011f\u0131 m\u0131s\u0131r g\u00fcvenlik g\u00fc\u00e7lerinin sivillere yasak b\u00f6lge olarak ilan edilen s\u00f6z konusu b\u00f6lgede bir ter\u00f6r grubunu kovalarken yanl\u0131\u015fl\u0131kla meydana gelen bu hadiseden b\u00fcy\u00fck bir \u00fcz\u00fcnt\u00fc &hellip;<\/p>\n","protected":false},"author":1,"featured_media":46766,"comment_status":"closed","ping_status":"closed","sticky":false,"template":"","format":"standard","meta":{"footnotes":""},"categories":[458,459,447],"tags":[16724,16723],"class_list":["post-46765","post","type-post","status-publish","format-standard","has-post-thumbnail","","category-dunya1","category-haberler-arap-uluslararasi-politika","category-politika","tag-misir-silahli-kuvvetlerinin","tag-yanlislikla-12-turisti-oldurdu"],"_links":{"self":[{"href":"https:\/\/archive.sana.sy\/tr\/index.php?rest_route=\/wp\/v2\/posts\/46765","targetHints":{"allow":["GET"]}}],"collection":[{"href":"https:\/\/archive.sana.sy\/tr\/index.php?rest_route=\/wp\/v2\/posts"}],"about":[{"href":"https:\/\/archive.sana.sy\/tr\/index.php?rest_route=\/wp\/v2\/types\/post"}],"author":[{"embeddable":true,"href":"https:\/\/archive.sana.sy\/tr\/index.php?rest_route=\/wp\/v2\/users\/1"}],"replies":[{"embeddable":true,"href":"https:\/\/archive.sana.sy\/tr\/index.php?rest_route=%2Fwp%2Fv2%2Fcomments&post=46765"}],"version-history":[{"count":0,"href":"https:\/\/archive.sana.sy\/tr\/index.php?rest_route=\/wp\/v2\/posts\/46765\/revisions"}],"wp:featuredmedia":[{"embeddable":true,"href":"https:\/\/archive.sana.sy\/tr\/index.php?rest_route=\/wp\/v2\/media\/46766"}],"wp:attachment":[{"href":"https:\/\/archive.sana.sy\/tr\/index.php?rest_route=%2Fwp%2Fv2%2Fmedia&parent=46765"}],"wp:term":[{"taxonomy":"category","embeddable":true,"href":"https:\/\/archive.sana.sy\/tr\/index.php?rest_route=%2Fwp%2Fv2%2Fcategories&post=46765"},{"taxonomy":"post_tag","embeddable":true,"href":"https:\/\/archive.sana.sy\/tr\/index.php?rest_route=%2Fwp%2Fv2%2Ftags&post=46765"}],"curies":[{"name":"wp","href":"https:\/\/api.w.org\/{rel}","templated":true}]}}