{"id":46776,"date":"2015-09-14T10:20:34","date_gmt":"2015-09-14T07:20:34","guid":{"rendered":"http:\/\/www.sana.sy\/tr\/?p=46776"},"modified":"2015-09-14T14:14:39","modified_gmt":"2015-09-14T11:14:39","slug":"lazkiye-kirsalinin-kuzeyinden-sanaya-aciklama-yapan-saha-kaynaklari-erdogan-cetelerine-karsi-yurutulen-operasyonlar-kapsaminda-ravda-koyunde-teror-yuvalari-hedef-alinirken-2-aracin-imha-edil","status":"publish","type":"post","link":"https:\/\/archive.sana.sy\/tr\/?p=46776","title":{"rendered":"Lazkiye k\u0131rsal\u0131n\u0131n kuzeyinden SANA\u2019ya a\u00e7\u0131klama yapan saha kaynaklar\u0131; Erdo\u011fan \u00e7etelerine kar\u015f\u0131 y\u00fcr\u00fct\u00fclen operasyonlar kapsam\u0131nda Ravda K\u00f6y\u00fcnde ter\u00f6r yuvalar\u0131 hedef al\u0131n\u0131rken 2 arac\u0131n imha edildi\u011fini ve en az\u0131ndan 7 ter\u00f6ristin \u00f6ld\u00fcr\u00fcld\u00fc\u011f\u00fcn\u00fc belirtti"},"content":{"rendered":"<p>Lazkiye k\u0131rsal\u0131n\u0131n kuzeyinden SANA\u2019ya a\u00e7\u0131klama yapan saha kaynaklar\u0131; Erdo\u011fan \u00e7etelerine kar\u015f\u0131 y\u00fcr\u00fct\u00fclen operasyonlar kapsam\u0131nda Ravda K\u00f6y\u00fcnde ter\u00f6r yuvalar\u0131 hedef al\u0131n\u0131rken 2 arac\u0131n imha edildi\u011fini ve en az\u0131ndan 7 ter\u00f6ristin \u00f6ld\u00fcr\u00fcld\u00fc\u011f\u00fcn\u00fc belirtti<\/p>\n","protected":false},"excerpt":{"rendered":"<p>Lazkiye k\u0131rsal\u0131n\u0131n kuzeyinden SANA\u2019ya a\u00e7\u0131klama yapan saha kaynaklar\u0131; Erdo\u011fan \u00e7etelerine kar\u015f\u0131 y\u00fcr\u00fct\u00fclen operasyonlar kapsam\u0131nda Ravda K\u00f6y\u00fcnde ter\u00f6r yuvalar\u0131 hedef al\u0131n\u0131rken 2 arac\u0131n imha edildi\u011fini ve en az\u0131ndan 7 ter\u00f6ristin \u00f6ld\u00fcr\u00fcld\u00fc\u011f\u00fcn\u00fc belirtti<\/p>\n","protected":false},"author":1,"featured_media":0,"comment_status":"closed","ping_status":"closed","sticky":false,"template":"","format":"standard","meta":{"footnotes":""},"categories":[1],"tags":[],"class_list":["post-46776","post","type-post","status-publish","format-standard","","category-news-not-sorted"],"_links":{"self":[{"href":"https:\/\/archive.sana.sy\/tr\/index.php?rest_route=\/wp\/v2\/posts\/46776","targetHints":{"allow":["GET"]}}],"collection":[{"href":"https:\/\/archive.sana.sy\/tr\/index.php?rest_route=\/wp\/v2\/posts"}],"about":[{"href":"https:\/\/archive.sana.sy\/tr\/index.php?rest_route=\/wp\/v2\/types\/post"}],"author":[{"embeddable":true,"href":"https:\/\/archive.sana.sy\/tr\/index.php?rest_route=\/wp\/v2\/users\/1"}],"replies":[{"embeddable":true,"href":"https:\/\/archive.sana.sy\/tr\/index.php?rest_route=%2Fwp%2Fv2%2Fcomments&post=46776"}],"version-history":[{"count":0,"href":"https:\/\/archive.sana.sy\/tr\/index.php?rest_route=\/wp\/v2\/posts\/46776\/revisions"}],"wp:attachment":[{"href":"https:\/\/archive.sana.sy\/tr\/index.php?rest_route=%2Fwp%2Fv2%2Fmedia&parent=46776"}],"wp:term":[{"taxonomy":"category","embeddable":true,"href":"https:\/\/archive.sana.sy\/tr\/index.php?rest_route=%2Fwp%2Fv2%2Fcategories&post=46776"},{"taxonomy":"post_tag","embeddable":true,"href":"https:\/\/archive.sana.sy\/tr\/index.php?rest_route=%2Fwp%2Fv2%2Ftags&post=46776"}],"curies":[{"name":"wp","href":"https:\/\/api.w.org\/{rel}","templated":true}]}}