{"id":46777,"date":"2015-09-14T09:45:37","date_gmt":"2015-09-14T06:45:37","guid":{"rendered":"http:\/\/www.sana.sy\/tr\/?p=46777"},"modified":"2015-09-14T13:59:06","modified_gmt":"2015-09-14T10:59:06","slug":"dis-guclerin-destekledikleri-finanse-ettikleri-ve-yonlendirdikleri-cokuluslu-ve-vatan-haini-teror-orgutlere-karsi-operasyonlarini-surduren-ordu-birliklerimiz-bugun-hava-guclerimizin-destegi-ile-sayi","status":"publish","type":"post","link":"https:\/\/archive.sana.sy\/tr\/?p=46777","title":{"rendered":"D\u0131\u015f g\u00fc\u00e7lerin destekledikleri, finanse ettikleri ve y\u00f6nlendirdikleri \u00e7okuluslu ve vatan haini ter\u00f6r \u00f6rg\u00fctlere kar\u015f\u0131 operasyonlar\u0131n\u0131 s\u00fcrd\u00fcren ordu birliklerimiz bug\u00fcn hava g\u00fc\u00e7lerimizin deste\u011fi ile say\u0131 ve ara\u00e7lar\u0131yla onlar\u0131 b\u00fcy\u00fck kay\u0131plara u\u011fratt\u0131"},"content":{"rendered":"<p>D\u0131\u015f g\u00fc\u00e7lerin destekledikleri, finanse ettikleri ve y\u00f6nlendirdikleri \u00e7okuluslu ve vatan haini ter\u00f6r \u00f6rg\u00fctlere kar\u015f\u0131 operasyonlar\u0131n\u0131 s\u00fcrd\u00fcren ordu birliklerimiz bug\u00fcn hava g\u00fc\u00e7lerimizin deste\u011fi ile say\u0131 ve ara\u00e7lar\u0131yla onlar\u0131 b\u00fcy\u00fck kay\u0131plara u\u011fratt\u0131<\/p>\n","protected":false},"excerpt":{"rendered":"<p>D\u0131\u015f g\u00fc\u00e7lerin destekledikleri, finanse ettikleri ve y\u00f6nlendirdikleri \u00e7okuluslu ve vatan haini ter\u00f6r \u00f6rg\u00fctlere kar\u015f\u0131 operasyonlar\u0131n\u0131 s\u00fcrd\u00fcren ordu birliklerimiz bug\u00fcn hava g\u00fc\u00e7lerimizin deste\u011fi ile say\u0131 ve ara\u00e7lar\u0131yla onlar\u0131 b\u00fcy\u00fck kay\u0131plara u\u011fratt\u0131<\/p>\n","protected":false},"author":1,"featured_media":0,"comment_status":"closed","ping_status":"closed","sticky":false,"template":"","format":"standard","meta":{"footnotes":""},"categories":[1],"tags":[],"class_list":["post-46777","post","type-post","status-publish","format-standard","","category-news-not-sorted"],"_links":{"self":[{"href":"https:\/\/archive.sana.sy\/tr\/index.php?rest_route=\/wp\/v2\/posts\/46777","targetHints":{"allow":["GET"]}}],"collection":[{"href":"https:\/\/archive.sana.sy\/tr\/index.php?rest_route=\/wp\/v2\/posts"}],"about":[{"href":"https:\/\/archive.sana.sy\/tr\/index.php?rest_route=\/wp\/v2\/types\/post"}],"author":[{"embeddable":true,"href":"https:\/\/archive.sana.sy\/tr\/index.php?rest_route=\/wp\/v2\/users\/1"}],"replies":[{"embeddable":true,"href":"https:\/\/archive.sana.sy\/tr\/index.php?rest_route=%2Fwp%2Fv2%2Fcomments&post=46777"}],"version-history":[{"count":0,"href":"https:\/\/archive.sana.sy\/tr\/index.php?rest_route=\/wp\/v2\/posts\/46777\/revisions"}],"wp:attachment":[{"href":"https:\/\/archive.sana.sy\/tr\/index.php?rest_route=%2Fwp%2Fv2%2Fmedia&parent=46777"}],"wp:term":[{"taxonomy":"category","embeddable":true,"href":"https:\/\/archive.sana.sy\/tr\/index.php?rest_route=%2Fwp%2Fv2%2Fcategories&post=46777"},{"taxonomy":"post_tag","embeddable":true,"href":"https:\/\/archive.sana.sy\/tr\/index.php?rest_route=%2Fwp%2Fv2%2Ftags&post=46777"}],"curies":[{"name":"wp","href":"https:\/\/api.w.org\/{rel}","templated":true}]}}