{"id":46785,"date":"2015-09-14T15:02:34","date_gmt":"2015-09-14T12:02:34","guid":{"rendered":"http:\/\/www.sana.sy\/tr\/?p=46785"},"modified":"2015-09-14T15:02:36","modified_gmt":"2015-09-14T12:02:36","slug":"haseke-kentinde-meydana-gelen-iki-bombali-eylemde-aralarinda-bir-kadin-ve-cocugunun-bulundugu-8-vatandas-sehit-40-vatandas-da-yarali-dustu","status":"publish","type":"post","link":"https:\/\/archive.sana.sy\/tr\/?p=46785","title":{"rendered":"Haseke Kentinde meydana gelen iki bombal\u0131 eylemde aralar\u0131nda bir kad\u0131n ve \u00e7ocu\u011funun bulundu\u011fu 8 vatanda\u015f \u015fehit, 40 vatanda\u015f da yaral\u0131 d\u00fc\u015ft\u00fc"},"content":{"rendered":"<p>Haseke Kentinde meydana gelen iki bombal\u0131 eylemde aralar\u0131nda bir kad\u0131n ve \u00e7ocu\u011funun bulundu\u011fu 8 vatanda\u015f \u015fehit, 40 vatanda\u015f da yaral\u0131 d\u00fc\u015ft\u00fc<\/p>\n","protected":false},"excerpt":{"rendered":"<p>Haseke Kentinde meydana gelen iki bombal\u0131 eylemde aralar\u0131nda bir kad\u0131n ve \u00e7ocu\u011funun bulundu\u011fu 8 vatanda\u015f \u015fehit, 40 vatanda\u015f da yaral\u0131 d\u00fc\u015ft\u00fc<\/p>\n","protected":false},"author":1,"featured_media":0,"comment_status":"closed","ping_status":"closed","sticky":false,"template":"","format":"standard","meta":{"footnotes":""},"categories":[1],"tags":[],"class_list":["post-46785","post","type-post","status-publish","format-standard","","category-news-not-sorted"],"_links":{"self":[{"href":"https:\/\/archive.sana.sy\/tr\/index.php?rest_route=\/wp\/v2\/posts\/46785","targetHints":{"allow":["GET"]}}],"collection":[{"href":"https:\/\/archive.sana.sy\/tr\/index.php?rest_route=\/wp\/v2\/posts"}],"about":[{"href":"https:\/\/archive.sana.sy\/tr\/index.php?rest_route=\/wp\/v2\/types\/post"}],"author":[{"embeddable":true,"href":"https:\/\/archive.sana.sy\/tr\/index.php?rest_route=\/wp\/v2\/users\/1"}],"replies":[{"embeddable":true,"href":"https:\/\/archive.sana.sy\/tr\/index.php?rest_route=%2Fwp%2Fv2%2Fcomments&post=46785"}],"version-history":[{"count":0,"href":"https:\/\/archive.sana.sy\/tr\/index.php?rest_route=\/wp\/v2\/posts\/46785\/revisions"}],"wp:attachment":[{"href":"https:\/\/archive.sana.sy\/tr\/index.php?rest_route=%2Fwp%2Fv2%2Fmedia&parent=46785"}],"wp:term":[{"taxonomy":"category","embeddable":true,"href":"https:\/\/archive.sana.sy\/tr\/index.php?rest_route=%2Fwp%2Fv2%2Fcategories&post=46785"},{"taxonomy":"post_tag","embeddable":true,"href":"https:\/\/archive.sana.sy\/tr\/index.php?rest_route=%2Fwp%2Fv2%2Ftags&post=46785"}],"curies":[{"name":"wp","href":"https:\/\/api.w.org\/{rel}","templated":true}]}}