{"id":46811,"date":"2015-09-14T16:34:14","date_gmt":"2015-09-14T13:34:14","guid":{"rendered":"http:\/\/sana.sy\/tr\/?p=46811"},"modified":"2015-09-14T16:44:40","modified_gmt":"2015-09-14T13:44:40","slug":"artik-halklari-kandirmak-mumkun-degildir","status":"publish","type":"post","link":"https:\/\/archive.sana.sy\/tr\/?p=46811","title":{"rendered":"Art\u0131k Halklar\u0131 Kand\u0131rmak M\u00fcmk\u00fcn De\u011fildir"},"content":{"rendered":"<p>PAR\u0130S \u2013 Suriyeli Yurtseverler Birli\u011finin daveti \u00fczerine d\u00fcn Paris\u2019te Suriyeli ve Arap aktivistlere ilaveten Frans\u0131z cemiyetlerle koordinasyon i\u00e7inde Fransa h\u00fck\u00fcmetinin ter\u00f6re deste\u011fini protesto eden kitlesel bir g\u00f6steri d\u00fczenlendi.<\/p>\n<p><a href=\"http:\/\/sana.sy\/tr\/wp-content\/uploads\/2015\/09\/Paris-3.jpg\"><img loading=\"lazy\" decoding=\"async\" class=\"alignright wp-image-46812 size-medium\" src=\"http:\/\/sana.sy\/tr\/wp-content\/uploads\/2015\/09\/Paris-3-220x300.jpg\" alt=\"Paris 3\" width=\"220\" height=\"300\" srcset=\"https:\/\/archive.sana.sy\/tr\/wp-content\/uploads\/2015\/09\/Paris-3.jpg 220w, https:\/\/archive.sana.sy\/tr\/wp-content\/uploads\/2015\/09\/Paris-3-110x150.jpg 110w\" sizes=\"auto, (max-width: 220px) 100vw, 220px\" \/><\/a>Ellerinde Suriye bayraklar\u0131 ve Cumhurba\u015fkan\u0131 Be\u015f\u015far el Esad\u2019\u0131n foto\u011fraflar\u0131n\u0131 ta\u015f\u0131yan g\u00f6stericiler; Fransa ve daha ba\u015fka h\u00fck\u00fcmetlerin as\u0131ls\u0131z iddialar alt\u0131nda Suriye ve halk\u0131na kar\u015f\u0131 ter\u00f6r\u00fc destekleyen tutumlar\u0131 sloganlarla k\u0131nad\u0131lar.<\/p>\n<p>G\u00f6stericiler Suriye&#8217;nin y\u00f6netim, ordu ve halk olarak ter\u00f6re kar\u015f\u0131 onurlu m\u00fccadelesini \u00f6ven ve ter\u00f6r \u00f6rg\u00fctlerin eylemlerini k\u0131nayan sloganlar att\u0131.<\/p>\n<p>Suriye&#8217;de ter\u00f6r \u00f6rg\u00fctlerin edat olarak kullan\u0131ld\u0131\u011f\u0131 sava\u015f\u0131n t\u00fcm ger\u00e7eklerinin izole edildi\u011fine dikkat \u00e7eken g\u00f6stericiler; ne Fransa ne ABD ne de ba\u015fka hi\u00e7 kimsenin halklar\u0131 kand\u0131rmalar\u0131n\u0131n art\u0131k m\u00fcmk\u00fcn olmad\u0131\u011f\u0131n\u0131, ter\u00f6re verilen deste\u011fin insanl\u0131\u011f\u0131n y\u00fczkaras\u0131 oldu\u011funu belirttiler.<\/p>\n<p>&nbsp;<\/p>\n<div id='gallery-1' class='gallery galleryid-46811 gallery-columns-2 gallery-size-medium'><figure class='gallery-item'>\n\t\t\t<div class='gallery-icon landscape'>\n\t\t\t\t<a href='https:\/\/archive.sana.sy\/tr\/wp-content\/uploads\/2015\/09\/Paris-1.jpg'><img loading=\"lazy\" decoding=\"async\" width=\"300\" height=\"150\" src=\"https:\/\/archive.sana.sy\/tr\/wp-content\/uploads\/2015\/09\/Paris-1-300x150.jpg\" class=\"attachment-medium size-medium\" alt=\"\" srcset=\"https:\/\/archive.sana.sy\/tr\/wp-content\/uploads\/2015\/09\/Paris-1-300x150.jpg 300w, https:\/\/archive.sana.sy\/tr\/wp-content\/uploads\/2015\/09\/Paris-1-150x75.jpg 150w, https:\/\/archive.sana.sy\/tr\/wp-content\/uploads\/2015\/09\/Paris-1.jpg 660w\" sizes=\"auto, (max-width: 300px) 100vw, 300px\" \/><\/a>\n\t\t\t<\/div><\/figure><figure class='gallery-item'>\n\t\t\t<div class='gallery-icon landscape'>\n\t\t\t\t<a href='https:\/\/archive.sana.sy\/tr\/wp-content\/uploads\/2015\/09\/Paris-2.jpg'><img loading=\"lazy\" decoding=\"async\" width=\"300\" height=\"224\" src=\"https:\/\/archive.sana.sy\/tr\/wp-content\/uploads\/2015\/09\/Paris-2-300x224.jpg\" class=\"attachment-medium size-medium\" alt=\"\" srcset=\"https:\/\/archive.sana.sy\/tr\/wp-content\/uploads\/2015\/09\/Paris-2-300x224.jpg 300w, https:\/\/archive.sana.sy\/tr\/wp-content\/uploads\/2015\/09\/Paris-2-150x112.jpg 150w, https:\/\/archive.sana.sy\/tr\/wp-content\/uploads\/2015\/09\/Paris-2.jpg 720w\" sizes=\"auto, (max-width: 300px) 100vw, 300px\" \/><\/a>\n\t\t\t<\/div><\/figure>\n\t\t<\/div>\n\n","protected":false},"excerpt":{"rendered":"<p>PAR\u0130S \u2013 Suriyeli Yurtseverler Birli\u011finin daveti \u00fczerine d\u00fcn Paris\u2019te Suriyeli ve Arap aktivistlere ilaveten Frans\u0131z cemiyetlerle koordinasyon i\u00e7inde Fransa h\u00fck\u00fcmetinin ter\u00f6re deste\u011fini protesto eden kitlesel bir g\u00f6steri d\u00fczenlendi. Ellerinde Suriye bayraklar\u0131 ve Cumhurba\u015fkan\u0131 Be\u015f\u015far el Esad\u2019\u0131n foto\u011fraflar\u0131n\u0131 ta\u015f\u0131yan g\u00f6stericiler; Fransa ve daha ba\u015fka h\u00fck\u00fcmetlerin as\u0131ls\u0131z iddialar alt\u0131nda Suriye ve halk\u0131na kar\u015f\u0131 ter\u00f6r\u00fc destekleyen tutumlar\u0131 sloganlarla &hellip;<\/p>\n","protected":false},"author":1,"featured_media":46815,"comment_status":"closed","ping_status":"closed","sticky":false,"template":"","format":"standard","meta":{"footnotes":""},"categories":[458,596,459],"tags":[16730],"class_list":["post-46811","post","type-post","status-publish","format-standard","has-post-thumbnail","","category-dunya1","category-fotografli-raporlar","category-haberler-arap-uluslararasi-politika","tag-artik-halklari-kandirmak-mumkun-degildir"],"_links":{"self":[{"href":"https:\/\/archive.sana.sy\/tr\/index.php?rest_route=\/wp\/v2\/posts\/46811","targetHints":{"allow":["GET"]}}],"collection":[{"href":"https:\/\/archive.sana.sy\/tr\/index.php?rest_route=\/wp\/v2\/posts"}],"about":[{"href":"https:\/\/archive.sana.sy\/tr\/index.php?rest_route=\/wp\/v2\/types\/post"}],"author":[{"embeddable":true,"href":"https:\/\/archive.sana.sy\/tr\/index.php?rest_route=\/wp\/v2\/users\/1"}],"replies":[{"embeddable":true,"href":"https:\/\/archive.sana.sy\/tr\/index.php?rest_route=%2Fwp%2Fv2%2Fcomments&post=46811"}],"version-history":[{"count":0,"href":"https:\/\/archive.sana.sy\/tr\/index.php?rest_route=\/wp\/v2\/posts\/46811\/revisions"}],"wp:featuredmedia":[{"embeddable":true,"href":"https:\/\/archive.sana.sy\/tr\/index.php?rest_route=\/wp\/v2\/media\/46815"}],"wp:attachment":[{"href":"https:\/\/archive.sana.sy\/tr\/index.php?rest_route=%2Fwp%2Fv2%2Fmedia&parent=46811"}],"wp:term":[{"taxonomy":"category","embeddable":true,"href":"https:\/\/archive.sana.sy\/tr\/index.php?rest_route=%2Fwp%2Fv2%2Fcategories&post=46811"},{"taxonomy":"post_tag","embeddable":true,"href":"https:\/\/archive.sana.sy\/tr\/index.php?rest_route=%2Fwp%2Fv2%2Ftags&post=46811"}],"curies":[{"name":"wp","href":"https:\/\/api.w.org\/{rel}","templated":true}]}}