{"id":46829,"date":"2015-09-14T20:48:25","date_gmt":"2015-09-14T17:48:25","guid":{"rendered":"http:\/\/sana.sy\/tr\/?p=46829"},"modified":"2015-09-15T15:53:00","modified_gmt":"2015-09-15T12:53:00","slug":"teror-ve-vahseti-destekci-devletlerin-sayesinde-devam-ediyor","status":"publish","type":"post","link":"https:\/\/archive.sana.sy\/tr\/?p=46829","title":{"rendered":"Ter\u00f6r ve Vah\u015feti Destek\u00e7i Devletlerin Sayesinde Devam Ediyor"},"content":{"rendered":"<p>\u015eAM \u2013 D\u0131\u015fi\u015fleri ve Gurbet\u00e7iler Bakanl\u0131\u011f\u0131 Uluslararas\u0131 G\u00fcvenlik Konseyinden, Suriye Arap Cumhuriyeti h\u00fck\u00fcmeti ile koordinasyon ve i\u015fbirli\u011fini peki\u015ftirmekle ter\u00f6rle m\u00fccadele ve radikal ter\u00f6r \u00f6rg\u00fctlere kar\u015f\u0131 koymada \u00fcst\u00fcne d\u00fc\u015fen sorumluluk ve ba\u011fl\u0131l\u0131\u011f\u0131n\u0131 belirtmesini talep etti.<\/p>\n<p>Bakanl\u0131k bug\u00fcn Birle\u015fmi\u015f Milletler genel sekreteri ve G\u00fcvenlik Konseyi ba\u015fkan\u0131na g\u00f6nderdi\u011fi iki e\u015f resmi mektupta; tekfirci ter\u00f6r \u00e7etelerinin bug\u00fcn Haseke kentinin Mahatta ve Ha\u015fman semtlerinde bombal\u0131 ara\u00e7 kullanan iki intihar eylemcisi arac\u0131l\u0131\u011f\u0131 ile masum sivillere kar\u015f\u0131 i\u015fledikleri vah\u015fete dikkat \u00e7ekti. Bu iki eylemde 20\u2019den fazla ki\u015finin \u015fehit, y\u00fczden fazla ki\u015finin de yaral\u0131 d\u00fc\u015ft\u00fcklerine dikkat \u00e7eken bakanl\u0131k; yaral\u0131lar\u0131n b\u00fcy\u00fck \u00e7o\u011funlu\u011funun durumunun a\u011f\u0131r oldu\u011funu kaydetti. Bakanl\u0131k iki ter\u00f6r eyleminde kurbanlar\u0131n b\u00fcy\u00fck \u00e7o\u011funlu\u011funun \u00e7ocuk ve kad\u0131nlar oldu\u011funun da alt\u0131n\u0131 \u00e7izdi.<\/p>\n<p>Korkak ve gaddar ter\u00f6r eylemlerinin okullar\u0131n a\u00e7\u0131ld\u0131\u011f\u0131 bir zamana denk geldi\u011fine dikkat \u00e7eken bakanl\u0131k; I\u015e\u0130D, Nusra Cephesi, \u0130slam Ordusu ve daha ba\u015fka adland\u0131rmalar alt\u0131ndaki tekfirci ter\u00f6r \u00f6rg\u00fctlerin vatanda\u015flar\u0131n saflar\u0131nda deh\u015fet ve korku sa\u00e7maya \u00e7al\u0131\u015ft\u0131klar\u0131n\u0131, g\u00fcnl\u00fck ya\u015famlar\u0131n\u0131 ve i\u015flerini engellemeye \u00e7al\u0131\u015ft\u0131klar\u0131n\u0131 ifade etti. Tekfirci \u00f6rg\u00fctlerin Suriye ordusunun Haseke\u2019de yurtsever ahalinin deste\u011fi ile onlar\u0131 u\u011fratt\u0131klar\u0131 a\u011f\u0131r hezimeti hazmedemediklerini ifade eden bakanl\u0131k; halktan intikam almaya \u00e7al\u0131\u015ft\u0131klar\u0131n\u0131 belirtti.<\/p>\n<p>Bakanl\u0131k resmi mektubunda t\u00fcm bu ter\u00f6r vah\u015fetinin T\u00fcrkiye, Suudi Arabistan ve katar taraf\u0131ndan destek almalar\u0131, Bat\u0131l\u0131 kimi devletler taraf\u0131ndan da korunmalar\u0131 sayesinde s\u00fcrd\u00fcrebildiklerinin alt\u0131n\u0131 \u00e7izdi. Ter\u00f6r\u00fc destekleyen ve finanse eden devletler hakk\u0131nda cayd\u0131r\u0131c\u0131 icraatlar\u0131n al\u0131nmamas\u0131n\u0131n da bu vah\u015fetin s\u00fcrmesine yol a\u00e7t\u0131\u011f\u0131na dikkat \u00e7eken bakanl\u0131k; Suriye&#8217;nin G\u00fcvenlik Konseyinden ter\u00f6re kar\u015f\u0131 ve ter\u00f6r\u00fc muhtelif \u015fekillerde destekleyen devletlere kar\u015f\u0131 etkin icraatlar almada \u00fcst\u00fcne d\u00fc\u015fen sorumlulu\u011fu \u00fcstlenmesine bir kez daha davet etti\u011fini belirtti.<\/p>\n<p>Suriye&#8217;nin h\u00fck\u00fcmet ve ordu olarak b\u00f6lge ve t\u00fcm d\u00fcnya halklar\u0131n\u0131 tehdit eden ter\u00f6re kar\u015f\u0131 etkin ve ciddi bir m\u00fccadele verdi\u011finin alt\u0131n\u0131 \u00e7izen bakanl\u0131k; G\u00fcvenlik Konseyinden bu y\u00f6nde t\u00fcm olanaklar\u0131n\u0131 seferber eden Suriye h\u00fck\u00fcmeti ile i\u015fbirli\u011fi ve koordinasyonun yap\u0131lmas\u0131n\u0131 talep etti.<\/p>\n<p>Bakanl\u0131k resmi mektubunda Suriye Arap Cumhuriyetinin bir kez daha ter\u00f6rle m\u00fccadelesini s\u00fcrd\u00fcrme kararl\u0131l\u0131\u011f\u0131nda oldu\u011funu, vatan\u0131 ve halk\u0131n\u0131 korumada \u00fcst\u00fcne d\u00fc\u015fen anayasal sorumlulu\u011fu en iyi \u015fekilde \u00fcstlenmeye devam etme azminde oldu\u011funun alt\u0131n\u0131 \u00e7izdi.<\/p>\n","protected":false},"excerpt":{"rendered":"<p>\u015eAM \u2013 D\u0131\u015fi\u015fleri ve Gurbet\u00e7iler Bakanl\u0131\u011f\u0131 Uluslararas\u0131 G\u00fcvenlik Konseyinden, Suriye Arap Cumhuriyeti h\u00fck\u00fcmeti ile koordinasyon ve i\u015fbirli\u011fini peki\u015ftirmekle ter\u00f6rle m\u00fccadele ve radikal ter\u00f6r \u00f6rg\u00fctlere kar\u015f\u0131 koymada \u00fcst\u00fcne d\u00fc\u015fen sorumluluk ve ba\u011fl\u0131l\u0131\u011f\u0131n\u0131 belirtmesini talep etti. Bakanl\u0131k bug\u00fcn Birle\u015fmi\u015f Milletler genel sekreteri ve G\u00fcvenlik Konseyi ba\u015fkan\u0131na g\u00f6nderdi\u011fi iki e\u015f resmi mektupta; tekfirci ter\u00f6r \u00e7etelerinin bug\u00fcn Haseke kentinin &hellip;<\/p>\n","protected":false},"author":1,"featured_media":34538,"comment_status":"closed","ping_status":"closed","sticky":false,"template":"","format":"standard","meta":{"footnotes":""},"categories":[479,2554,2555,478],"tags":[16732],"class_list":["post-46829","post","type-post","status-publish","format-standard","has-post-thumbnail","","category-haberler-yerel","category-suriye-ve-dunya","category-suriye-ve-turkiye","category-yerel","tag-teror-ve-vahseti-destekci-devletlerin-sayesinde-devam-ediyor"],"_links":{"self":[{"href":"https:\/\/archive.sana.sy\/tr\/index.php?rest_route=\/wp\/v2\/posts\/46829","targetHints":{"allow":["GET"]}}],"collection":[{"href":"https:\/\/archive.sana.sy\/tr\/index.php?rest_route=\/wp\/v2\/posts"}],"about":[{"href":"https:\/\/archive.sana.sy\/tr\/index.php?rest_route=\/wp\/v2\/types\/post"}],"author":[{"embeddable":true,"href":"https:\/\/archive.sana.sy\/tr\/index.php?rest_route=\/wp\/v2\/users\/1"}],"replies":[{"embeddable":true,"href":"https:\/\/archive.sana.sy\/tr\/index.php?rest_route=%2Fwp%2Fv2%2Fcomments&post=46829"}],"version-history":[{"count":0,"href":"https:\/\/archive.sana.sy\/tr\/index.php?rest_route=\/wp\/v2\/posts\/46829\/revisions"}],"wp:featuredmedia":[{"embeddable":true,"href":"https:\/\/archive.sana.sy\/tr\/index.php?rest_route=\/wp\/v2\/media\/34538"}],"wp:attachment":[{"href":"https:\/\/archive.sana.sy\/tr\/index.php?rest_route=%2Fwp%2Fv2%2Fmedia&parent=46829"}],"wp:term":[{"taxonomy":"category","embeddable":true,"href":"https:\/\/archive.sana.sy\/tr\/index.php?rest_route=%2Fwp%2Fv2%2Fcategories&post=46829"},{"taxonomy":"post_tag","embeddable":true,"href":"https:\/\/archive.sana.sy\/tr\/index.php?rest_route=%2Fwp%2Fv2%2Ftags&post=46829"}],"curies":[{"name":"wp","href":"https:\/\/api.w.org\/{rel}","templated":true}]}}