{"id":46895,"date":"2015-09-15T10:25:24","date_gmt":"2015-09-15T07:25:24","guid":{"rendered":"http:\/\/www.sana.sy\/tr\/?p=46895"},"modified":"2015-09-15T13:24:46","modified_gmt":"2015-09-15T10:24:46","slug":"suveyda-kirsalinda-urdun-topraklarina-acilan-ve-oradan-muhtelif-tur-destek-temin-eden-isid-tekfircilerine-yonelik-operasyonlarinda-ordu-birliklerimiz-suveyda-kentinin-50-km-kuzeyi-hilihle-koyu-civarin","status":"publish","type":"post","link":"https:\/\/archive.sana.sy\/tr\/?p=46895","title":{"rendered":"S\u00fcveyda k\u0131rsal\u0131nda \u00dcrd\u00fcn topraklar\u0131na a\u00e7\u0131lan ve oradan muhtelif t\u00fcr destek temin eden I\u015e\u0130D tekfircilerine y\u00f6nelik operasyonlar\u0131nda ordu birliklerimiz S\u00fcveyda Kentinin 50 km kuzeyi H\u0131l\u0131hle K\u00f6y\u00fc civar\u0131ndaki Zalfa ve G\u00fcney E\u015fhib tepelerinde dakik bilgiler \u00fczerine tespit etti\u011fi I\u015e\u0130D mevkilerini top ate\u015fine tuttu"},"content":{"rendered":"<p>S\u00fcveyda k\u0131rsal\u0131nda \u00dcrd\u00fcn topraklar\u0131na a\u00e7\u0131lan ve oradan muhtelif t\u00fcr destek temin eden I\u015e\u0130D tekfircilerine y\u00f6nelik operasyonlar\u0131nda ordu birliklerimiz S\u00fcveyda Kentinin 50 km kuzeyi H\u0131l\u0131hle K\u00f6y\u00fc civar\u0131ndaki Zalfa ve G\u00fcney E\u015fhib tepelerinde dakik bilgiler \u00fczerine tespit etti\u011fi I\u015e\u0130D mevkilerini top ate\u015fine tuttu<\/p>\n","protected":false},"excerpt":{"rendered":"<p>S\u00fcveyda k\u0131rsal\u0131nda \u00dcrd\u00fcn topraklar\u0131na a\u00e7\u0131lan ve oradan muhtelif t\u00fcr destek temin eden I\u015e\u0130D tekfircilerine y\u00f6nelik operasyonlar\u0131nda ordu birliklerimiz S\u00fcveyda Kentinin 50 km kuzeyi H\u0131l\u0131hle K\u00f6y\u00fc civar\u0131ndaki Zalfa ve G\u00fcney E\u015fhib tepelerinde dakik bilgiler \u00fczerine tespit etti\u011fi I\u015e\u0130D mevkilerini top ate\u015fine tuttu<\/p>\n","protected":false},"author":1,"featured_media":0,"comment_status":"closed","ping_status":"closed","sticky":false,"template":"","format":"standard","meta":{"footnotes":""},"categories":[1],"tags":[],"class_list":["post-46895","post","type-post","status-publish","format-standard","","category-news-not-sorted"],"_links":{"self":[{"href":"https:\/\/archive.sana.sy\/tr\/index.php?rest_route=\/wp\/v2\/posts\/46895","targetHints":{"allow":["GET"]}}],"collection":[{"href":"https:\/\/archive.sana.sy\/tr\/index.php?rest_route=\/wp\/v2\/posts"}],"about":[{"href":"https:\/\/archive.sana.sy\/tr\/index.php?rest_route=\/wp\/v2\/types\/post"}],"author":[{"embeddable":true,"href":"https:\/\/archive.sana.sy\/tr\/index.php?rest_route=\/wp\/v2\/users\/1"}],"replies":[{"embeddable":true,"href":"https:\/\/archive.sana.sy\/tr\/index.php?rest_route=%2Fwp%2Fv2%2Fcomments&post=46895"}],"version-history":[{"count":0,"href":"https:\/\/archive.sana.sy\/tr\/index.php?rest_route=\/wp\/v2\/posts\/46895\/revisions"}],"wp:attachment":[{"href":"https:\/\/archive.sana.sy\/tr\/index.php?rest_route=%2Fwp%2Fv2%2Fmedia&parent=46895"}],"wp:term":[{"taxonomy":"category","embeddable":true,"href":"https:\/\/archive.sana.sy\/tr\/index.php?rest_route=%2Fwp%2Fv2%2Fcategories&post=46895"},{"taxonomy":"post_tag","embeddable":true,"href":"https:\/\/archive.sana.sy\/tr\/index.php?rest_route=%2Fwp%2Fv2%2Ftags&post=46895"}],"curies":[{"name":"wp","href":"https:\/\/api.w.org\/{rel}","templated":true}]}}