{"id":46929,"date":"2015-09-15T19:00:51","date_gmt":"2015-09-15T16:00:51","guid":{"rendered":"http:\/\/www.sana.sy\/tr\/?p=46929"},"modified":"2015-09-16T12:17:11","modified_gmt":"2015-09-16T09:17:11","slug":"erdogan-ceteleri-gaddar-saldirilarinda-yine-sivilleri-hedef-aldi","status":"publish","type":"post","link":"https:\/\/archive.sana.sy\/tr\/?p=46929","title":{"rendered":"Erdo\u011fan \u00c7eteleri Gaddar Sald\u0131r\u0131lar\u0131nda Yine Sivilleri Hedef Ald\u0131"},"content":{"rendered":"<p>\u0130LLER \u2013 Erdo\u011fan ve rejiminin deste\u011fi ile masum sivillere y\u00f6nelik vah\u015fetlerini s\u00fcrd\u00fcren ter\u00f6r \u00e7eteleri bug\u00fcn yine aralar\u0131nda \u00e7ocuk ve kad\u0131nlar\u0131n bulundu\u011fu bir\u00e7ok vatanda\u015f\u0131 \u015fehit ve yaral\u0131 d\u00fc\u015f\u00fcrd\u00fc.<\/p>\n<p><span style=\"color: #0000ff\">HALEP:<\/span><\/p>\n<p>Halep Emniyet M\u00fcd\u00fcrl\u00fc\u011f\u00fcnde bir kaynak Halep Kentinin Ra\u015fidin Semtinde bulunan ve Erdo\u011fan rejimine tabilikleriyle bilinen ter\u00f6ristlerin civardaki semtleri f\u00fczelerle hedef ald\u0131klar\u0131n\u0131 belirtti. Kaynak hain sald\u0131r\u0131larda 3 ki\u015finin \u015fehit, bir k\u0131sm\u0131 a\u011f\u0131r olmak \u00fczere 10 ki\u015finin de yaral\u0131 d\u00fc\u015ft\u00fc\u011f\u00fcn\u00fc aktar\u0131rken, vatanda\u015flar\u0131n ev, i\u015fyeri ve ara\u00e7lar\u0131nda maddi hasar\u0131n olu\u015ftu\u011funu belirtti.<\/p>\n<p>G\u00fcn\u00fcn ilerleyen saatlerinde a\u00e7\u0131klama yapan emniyet kayna\u011f\u0131 Erdo\u011fan \u00e7etelerinin Yeni Halep, Hamadaniye, ve 1070 Daire Konutlar\u0131n\u0131 hedef alan f\u00fcze sald\u0131r\u0131lar\u0131nda \u015fehit d\u00fc\u015fen vatanda\u015flar\u0131n say\u0131s\u0131n\u0131n 20, yaral\u0131 say\u0131s\u0131n\u0131n da 100\u2019e y\u00fckseldi\u011fini belirtti.<\/p>\n<p>Ter\u00f6r \u00e7etelerinin ayn\u0131 zamanda Azamiye ve Selahattin semtlerini de yine f\u00fczelerle hedef ald\u0131klar\u0131n\u0131 belirten kaynak burada da aralar\u0131nda \u00e7ocuk ve kad\u0131nlar\u0131n bulundu\u011fu 3 ki\u015finin \u015fehit, 32 ki\u015finin de yaral\u0131 d\u00fc\u015ft\u00fcklerini ifade etti.<\/p>\n<p><span style=\"color: #0000ff\">\u015eAM:<\/span><\/p>\n<p>\u015eam Emniyet M\u00fcd\u00fcrl\u00fc\u011f\u00fcnde bir kaynak ise Do\u011fu \u011euta\u2019daki ter\u00f6ristlerin Abbasiler Semtini havan roketiyle hedef ald\u0131klar\u0131n\u0131 belirtirken, Abbasiler Hastanesi civar\u0131nda d\u00fc\u015fen havan roketinde biri 5 ya\u015flar\u0131nda bir \u00e7ocuk toplam 2 vatanda\u015f\u0131n yaraland\u0131\u011f\u0131n\u0131 aktard\u0131.<\/p>\n","protected":false},"excerpt":{"rendered":"<p>\u0130LLER \u2013 Erdo\u011fan ve rejiminin deste\u011fi ile masum sivillere y\u00f6nelik vah\u015fetlerini s\u00fcrd\u00fcren ter\u00f6r \u00e7eteleri bug\u00fcn yine aralar\u0131nda \u00e7ocuk ve kad\u0131nlar\u0131n bulundu\u011fu bir\u00e7ok vatanda\u015f\u0131 \u015fehit ve yaral\u0131 d\u00fc\u015f\u00fcrd\u00fc. HALEP: Halep Emniyet M\u00fcd\u00fcrl\u00fc\u011f\u00fcnde bir kaynak Halep Kentinin Ra\u015fidin Semtinde bulunan ve Erdo\u011fan rejimine tabilikleriyle bilinen ter\u00f6ristlerin civardaki semtleri f\u00fczelerle hedef ald\u0131klar\u0131n\u0131 belirtti. Kaynak hain sald\u0131r\u0131larda 3 ki\u015finin &hellip;<\/p>\n","protected":false},"author":1,"featured_media":46984,"comment_status":"closed","ping_status":"closed","sticky":false,"template":"","format":"standard","meta":{"footnotes":""},"categories":[479,575,2554,2555,478],"tags":[16743],"class_list":["post-46929","post","type-post","status-publish","format-standard","has-post-thumbnail","","category-haberler-yerel","category-olaylar-ve-gercekler","category-suriye-ve-dunya","category-suriye-ve-turkiye","category-yerel","tag-erdogan-ceteleri-gaddar-saldirilarinda-yine-sivilleri-hedef-aldi"],"_links":{"self":[{"href":"https:\/\/archive.sana.sy\/tr\/index.php?rest_route=\/wp\/v2\/posts\/46929","targetHints":{"allow":["GET"]}}],"collection":[{"href":"https:\/\/archive.sana.sy\/tr\/index.php?rest_route=\/wp\/v2\/posts"}],"about":[{"href":"https:\/\/archive.sana.sy\/tr\/index.php?rest_route=\/wp\/v2\/types\/post"}],"author":[{"embeddable":true,"href":"https:\/\/archive.sana.sy\/tr\/index.php?rest_route=\/wp\/v2\/users\/1"}],"replies":[{"embeddable":true,"href":"https:\/\/archive.sana.sy\/tr\/index.php?rest_route=%2Fwp%2Fv2%2Fcomments&post=46929"}],"version-history":[{"count":0,"href":"https:\/\/archive.sana.sy\/tr\/index.php?rest_route=\/wp\/v2\/posts\/46929\/revisions"}],"wp:featuredmedia":[{"embeddable":true,"href":"https:\/\/archive.sana.sy\/tr\/index.php?rest_route=\/wp\/v2\/media\/46984"}],"wp:attachment":[{"href":"https:\/\/archive.sana.sy\/tr\/index.php?rest_route=%2Fwp%2Fv2%2Fmedia&parent=46929"}],"wp:term":[{"taxonomy":"category","embeddable":true,"href":"https:\/\/archive.sana.sy\/tr\/index.php?rest_route=%2Fwp%2Fv2%2Fcategories&post=46929"},{"taxonomy":"post_tag","embeddable":true,"href":"https:\/\/archive.sana.sy\/tr\/index.php?rest_route=%2Fwp%2Fv2%2Ftags&post=46929"}],"curies":[{"name":"wp","href":"https:\/\/api.w.org\/{rel}","templated":true}]}}