{"id":46932,"date":"2015-09-15T15:31:48","date_gmt":"2015-09-15T12:31:48","guid":{"rendered":"http:\/\/www.sana.sy\/tr\/?p=46932"},"modified":"2015-09-15T15:31:48","modified_gmt":"2015-09-15T12:31:48","slug":"mutlak-bir-oncelik-haline-gelen-terorle-mucadele-icin-destegi-surdurecegiz","status":"publish","type":"post","link":"https:\/\/archive.sana.sy\/tr\/?p=46932","title":{"rendered":"Mutlak Bir \u00d6ncelik Haline Gelen Ter\u00f6rle M\u00fccadele \u0130\u00e7in Deste\u011fi S\u00fcrd\u00fcrece\u011fiz"},"content":{"rendered":"<p>MOSKOVA \u2013 Rusya Federasyonu Ba\u015fkan\u0131 Vladimir Putin; ter\u00f6re kar\u015f\u0131 geni\u015f bir cephenin olu\u015fturulmas\u0131 gere\u011fini belirtirken, karada Suriye ve Irak ordular\u0131n\u0131n temel rollerinin \u00f6nceli\u011fini vurgulad\u0131.<\/p>\n<p>Putin bug\u00fcn Tacikistan\u2019\u0131n ba\u015fkenti Du\u015fanbe\u2019de d\u00fczenlenen Kolektif G\u00fcvenlik Anla\u015fmas\u0131 \u00d6rg\u00fct\u00fc \u00fclke liderlerinin geni\u015fletilmi\u015f toplant\u0131s\u0131nda yapt\u0131\u011f\u0131 konu\u015fmada; ter\u00f6rle m\u00fccadelenin mutlak bir \u00f6ncelik haline geldi\u011fine vurgu yapt\u0131. Bu mutlak \u00f6ncelikten hareketle Rusya&#8217;n\u0131n Suriye&#8217;ye askeri ve teknik destek sundu\u011funu ve sunmaya da devam edece\u011finin alt\u0131n\u0131 \u00e7izen Putin; di\u011fer \u00fclkeleri de bu deste\u011fe kat\u0131lmalar\u0131na \u00e7a\u011f\u0131rd\u0131.<\/p>\n<p>Putin Suriye ve civar\u0131nda durumlar\u0131n olduk\u00e7a ciddi oldu\u011funa dikkat \u00e7ekerken; I\u015e\u0130D ve di\u011fer tekfirci \u00f6rg\u00fctlerin Mekke, Kud\u00fcs ve daha ba\u015fka b\u00f6lgeleri ele ge\u00e7irme, Avrupa, Rusya, Orta Asya ve g\u00fcneydo\u011fu Asya b\u00f6lgelerinde de karanl\u0131k ideolojilerini yayma \u00e7abalar\u0131ndan s\u00f6z ettiklerine vurgu yapt\u0131.<\/p>\n<p>Mant\u0131\u011f\u0131n bu tehlikeye kar\u015f\u0131 \u00e7abalar\u0131 birle\u015ftirmeyi gerektirdi\u011fini belirten Putin; Suriye h\u00fck\u00fcmeti ve ordusuyla i\u015fbirli\u011fi ve koordinasyon olmaks\u0131z\u0131n tekfirci ter\u00f6re kar\u015f\u0131 koyman\u0131n m\u00fcmk\u00fcn olmad\u0131\u011f\u0131n\u0131n idrak edilmesi gerekti\u011finin de alt\u0131n\u0131 \u00e7izdi.<\/p>\n<p>Rusya Ba\u015fkan\u0131 Putin Bat\u0131l\u0131 devletleri \u00e7ifte standartl\u0131 politikalar\u0131ndan vazge\u00e7melerine, ho\u015flar\u0131na gitmeyen y\u00f6netimleri de\u011fi\u015ftirmek dahil olmak \u00fczere despot ve hegemonya planlar\u0131 amac\u0131yla bir k\u0131s\u0131m ter\u00f6r \u00f6rg\u00fctleri direk yada dolayl\u0131 olarak edat olarak kullanmalar\u0131na da son vermelerine \u00e7a\u011f\u0131rd\u0131.<\/p>\n<p>Rusya&#8217;n\u0131n Suriye&#8217;de me\u015fru y\u00f6netime deste\u011fi ili\u015fkin as\u0131ls\u0131z iddialar konusunda ise Putin; bu iddialar\u0131n ger\u00e7ekle hi\u00e7bir ilgisi olmad\u0131\u011f\u0131 gibi tamamen mant\u0131k d\u0131\u015f\u0131 oldu\u011funu belirtti. Putin Suriye&#8217;de m\u00fcltecilerin ordudan de\u011fil de ter\u00f6ristlerin vah\u015fetinden ka\u00e7t\u0131klar\u0131n\u0131, Rusya&#8217;n\u0131n Suriye&#8217;ye deste\u011fi olmasayd\u0131 \u00fclkenin Libya&#8217;dan daha beter olaca\u011f\u0131n\u0131 ifade etti.<\/p>\n","protected":false},"excerpt":{"rendered":"<p>MOSKOVA \u2013 Rusya Federasyonu Ba\u015fkan\u0131 Vladimir Putin; ter\u00f6re kar\u015f\u0131 geni\u015f bir cephenin olu\u015fturulmas\u0131 gere\u011fini belirtirken, karada Suriye ve Irak ordular\u0131n\u0131n temel rollerinin \u00f6nceli\u011fini vurgulad\u0131. Putin bug\u00fcn Tacikistan\u2019\u0131n ba\u015fkenti Du\u015fanbe\u2019de d\u00fczenlenen Kolektif G\u00fcvenlik Anla\u015fmas\u0131 \u00d6rg\u00fct\u00fc \u00fclke liderlerinin geni\u015fletilmi\u015f toplant\u0131s\u0131nda yapt\u0131\u011f\u0131 konu\u015fmada; ter\u00f6rle m\u00fccadelenin mutlak bir \u00f6ncelik haline geldi\u011fine vurgu yapt\u0131. Bu mutlak \u00f6ncelikten hareketle Rusya&#8217;n\u0131n Suriye&#8217;ye &hellip;<\/p>\n","protected":false},"author":1,"featured_media":46933,"comment_status":"closed","ping_status":"closed","sticky":false,"template":"","format":"standard","meta":{"footnotes":""},"categories":[458,459,447],"tags":[16744],"class_list":["post-46932","post","type-post","status-publish","format-standard","has-post-thumbnail","","category-dunya1","category-haberler-arap-uluslararasi-politika","category-politika","tag-vladimir-putin"],"_links":{"self":[{"href":"https:\/\/archive.sana.sy\/tr\/index.php?rest_route=\/wp\/v2\/posts\/46932","targetHints":{"allow":["GET"]}}],"collection":[{"href":"https:\/\/archive.sana.sy\/tr\/index.php?rest_route=\/wp\/v2\/posts"}],"about":[{"href":"https:\/\/archive.sana.sy\/tr\/index.php?rest_route=\/wp\/v2\/types\/post"}],"author":[{"embeddable":true,"href":"https:\/\/archive.sana.sy\/tr\/index.php?rest_route=\/wp\/v2\/users\/1"}],"replies":[{"embeddable":true,"href":"https:\/\/archive.sana.sy\/tr\/index.php?rest_route=%2Fwp%2Fv2%2Fcomments&post=46932"}],"version-history":[{"count":0,"href":"https:\/\/archive.sana.sy\/tr\/index.php?rest_route=\/wp\/v2\/posts\/46932\/revisions"}],"wp:featuredmedia":[{"embeddable":true,"href":"https:\/\/archive.sana.sy\/tr\/index.php?rest_route=\/wp\/v2\/media\/46933"}],"wp:attachment":[{"href":"https:\/\/archive.sana.sy\/tr\/index.php?rest_route=%2Fwp%2Fv2%2Fmedia&parent=46932"}],"wp:term":[{"taxonomy":"category","embeddable":true,"href":"https:\/\/archive.sana.sy\/tr\/index.php?rest_route=%2Fwp%2Fv2%2Fcategories&post=46932"},{"taxonomy":"post_tag","embeddable":true,"href":"https:\/\/archive.sana.sy\/tr\/index.php?rest_route=%2Fwp%2Fv2%2Ftags&post=46932"}],"curies":[{"name":"wp","href":"https:\/\/api.w.org\/{rel}","templated":true}]}}