{"id":4694,"date":"2014-07-06T16:40:55","date_gmt":"2014-07-06T13:40:55","guid":{"rendered":"http:\/\/www.sana.sy\/tr\/?p=4694"},"modified":"2014-07-07T16:28:44","modified_gmt":"2014-07-07T13:28:44","slug":"muhtelif-illerde-yeni-fakulteler-aciliyor","status":"publish","type":"post","link":"https:\/\/archive.sana.sy\/tr\/?p=4694","title":{"rendered":"Muhtelif \u0130llerde Yeni Fak\u00fclteler A\u00e7\u0131l\u0131yor"},"content":{"rendered":"<p>\u015eAM \u2013 Cumhurba\u015fkan\u0131 Be\u015f\u015far el Esad bug\u00fcn \u015eam (\u015eam), Baas (Homs), Hama (Hama) ve Te\u015frin (Lazkiye) \u00fcniversitelerinde yeni fak\u00fcltelerin a\u00e7\u0131lmas\u0131n\u0131 \u00f6ng\u00f6ren 2014\/213 say\u0131l\u0131 kararnameyi onaylad\u0131.<\/p>\n<p>Kararname gere\u011fince \u015eam \u00dcniversitesine tabi olarak S\u00fcveyda Kentinde D\u00f6rd\u00fcnc\u00fc \u0130ktisat fak\u00fcltesi, Te\u015frin \u00dcniversitesine tabi olarak Tartus Kentinde \u0130kinci Eczac\u0131l\u0131k Fak\u00fcltesi, Homs\u2019ta Baas \u00dcniversitesine tabi olarak Di\u015f Hekimli\u011fi ve \u0130ktisat fak\u00fclteleri, Hama\u2019da Hama \u00dcniversitesine tabi olarak Eczac\u0131l\u0131k Fak\u00fcltesi ve Hama iline tabi Misyaf Kentinde Hama \u00dcniversitesine tabi olarak Fen Bilimleri Fak\u00fcltesinin a\u00e7\u0131lmas\u0131n\u0131 \u00f6ng\u00f6r\u00fcyor.<\/p>\n","protected":false},"excerpt":{"rendered":"<p>\u015eAM \u2013 Cumhurba\u015fkan\u0131 Be\u015f\u015far el Esad bug\u00fcn \u015eam (\u015eam), Baas (Homs), Hama (Hama) ve Te\u015frin (Lazkiye) \u00fcniversitelerinde yeni fak\u00fcltelerin a\u00e7\u0131lmas\u0131n\u0131 \u00f6ng\u00f6ren 2014\/213 say\u0131l\u0131 kararnameyi onaylad\u0131. Kararname gere\u011fince \u015eam \u00dcniversitesine tabi olarak S\u00fcveyda Kentinde D\u00f6rd\u00fcnc\u00fc \u0130ktisat fak\u00fcltesi, Te\u015frin \u00dcniversitesine tabi olarak Tartus Kentinde \u0130kinci Eczac\u0131l\u0131k Fak\u00fcltesi, Homs\u2019ta Baas \u00dcniversitesine tabi olarak Di\u015f Hekimli\u011fi ve \u0130ktisat fak\u00fclteleri, &hellip;<\/p>\n","protected":false},"author":1,"featured_media":4695,"comment_status":"closed","ping_status":"closed","sticky":false,"template":"","format":"standard","meta":{"footnotes":""},"categories":[479,605,612,599,478],"tags":[1019],"class_list":["post-4694","post","type-post","status-publish","format-standard","has-post-thumbnail","","category-haberler-yerel","category-sayin-cumhurbaskani","category-yasama-kararnameler","category-yasama-ve-kanunlar","category-yerel","tag-muhtelif-illerde-yeni-fakulteler-aciliyor"],"_links":{"self":[{"href":"https:\/\/archive.sana.sy\/tr\/index.php?rest_route=\/wp\/v2\/posts\/4694","targetHints":{"allow":["GET"]}}],"collection":[{"href":"https:\/\/archive.sana.sy\/tr\/index.php?rest_route=\/wp\/v2\/posts"}],"about":[{"href":"https:\/\/archive.sana.sy\/tr\/index.php?rest_route=\/wp\/v2\/types\/post"}],"author":[{"embeddable":true,"href":"https:\/\/archive.sana.sy\/tr\/index.php?rest_route=\/wp\/v2\/users\/1"}],"replies":[{"embeddable":true,"href":"https:\/\/archive.sana.sy\/tr\/index.php?rest_route=%2Fwp%2Fv2%2Fcomments&post=4694"}],"version-history":[{"count":0,"href":"https:\/\/archive.sana.sy\/tr\/index.php?rest_route=\/wp\/v2\/posts\/4694\/revisions"}],"wp:featuredmedia":[{"embeddable":true,"href":"https:\/\/archive.sana.sy\/tr\/index.php?rest_route=\/wp\/v2\/media\/4695"}],"wp:attachment":[{"href":"https:\/\/archive.sana.sy\/tr\/index.php?rest_route=%2Fwp%2Fv2%2Fmedia&parent=4694"}],"wp:term":[{"taxonomy":"category","embeddable":true,"href":"https:\/\/archive.sana.sy\/tr\/index.php?rest_route=%2Fwp%2Fv2%2Fcategories&post=4694"},{"taxonomy":"post_tag","embeddable":true,"href":"https:\/\/archive.sana.sy\/tr\/index.php?rest_route=%2Fwp%2Fv2%2Ftags&post=4694"}],"curies":[{"name":"wp","href":"https:\/\/api.w.org\/{rel}","templated":true}]}}