{"id":4697,"date":"2014-07-06T20:50:32","date_gmt":"2014-07-06T17:50:32","guid":{"rendered":"http:\/\/www.sana.sy\/tr\/?p=4697"},"modified":"2014-07-06T20:50:19","modified_gmt":"2014-07-06T17:50:19","slug":"camide-namaz-esnasinda-imama-suikast","status":"publish","type":"post","link":"https:\/\/archive.sana.sy\/tr\/?p=4697","title":{"rendered":"Camide Namaz Esnas\u0131nda \u0130mama Suikast"},"content":{"rendered":"<p>\u015eAM KIRSALI \u2013 \u015eam Emniyet M\u00fcd\u00fcrl\u00fc\u011f\u00fcnde yetkili bir kaynak; silahl\u0131 ter\u00f6ristlerin Cumartesi ak\u015fam\u0131 \u015eam k\u0131rsal\u0131n\u0131n Dmayr Beldesindeki el Sahaba Camiine sald\u0131rarak Cami \u0130mam\u0131 Ali el Seyf\u2019e suikast d\u00fczenlediklerini belirtti.<\/p>\n<p>Kaynak ter\u00f6ristlerin teravih namaz\u0131n\u0131 belde halk\u0131yla birlikte k\u0131ld\u0131klar\u0131 s\u0131rada \u0130mam Seyf\u2019i kur\u015fun ya\u011fmuruna tutup onu \u015fehit ettiklerini s\u00f6yledi.<\/p>\n<p>Din arkas\u0131nda saklanan tekfirci ve hain ter\u00f6r \u00e7eteleri daha \u00f6ncede muhtelif b\u00f6lgelerde camilere sald\u0131rarak bir\u00e7ok din adam\u0131na suikast d\u00fczenlemi\u015flerdi.<\/p>\n","protected":false},"excerpt":{"rendered":"<p>\u015eAM KIRSALI \u2013 \u015eam Emniyet M\u00fcd\u00fcrl\u00fc\u011f\u00fcnde yetkili bir kaynak; silahl\u0131 ter\u00f6ristlerin Cumartesi ak\u015fam\u0131 \u015eam k\u0131rsal\u0131n\u0131n Dmayr Beldesindeki el Sahaba Camiine sald\u0131rarak Cami \u0130mam\u0131 Ali el Seyf\u2019e suikast d\u00fczenlediklerini belirtti. Kaynak ter\u00f6ristlerin teravih namaz\u0131n\u0131 belde halk\u0131yla birlikte k\u0131ld\u0131klar\u0131 s\u0131rada \u0130mam Seyf\u2019i kur\u015fun ya\u011fmuruna tutup onu \u015fehit ettiklerini s\u00f6yledi. Din arkas\u0131nda saklanan tekfirci ve hain ter\u00f6r \u00e7eteleri &hellip;<\/p>\n","protected":false},"author":1,"featured_media":4735,"comment_status":"closed","ping_status":"closed","sticky":false,"template":"","format":"standard","meta":{"footnotes":""},"categories":[479,575,478],"tags":[1020],"class_list":["post-4697","post","type-post","status-publish","format-standard","has-post-thumbnail","","category-haberler-yerel","category-olaylar-ve-gercekler","category-yerel","tag-camide-namaz-esnasinda-imama-suikast"],"_links":{"self":[{"href":"https:\/\/archive.sana.sy\/tr\/index.php?rest_route=\/wp\/v2\/posts\/4697","targetHints":{"allow":["GET"]}}],"collection":[{"href":"https:\/\/archive.sana.sy\/tr\/index.php?rest_route=\/wp\/v2\/posts"}],"about":[{"href":"https:\/\/archive.sana.sy\/tr\/index.php?rest_route=\/wp\/v2\/types\/post"}],"author":[{"embeddable":true,"href":"https:\/\/archive.sana.sy\/tr\/index.php?rest_route=\/wp\/v2\/users\/1"}],"replies":[{"embeddable":true,"href":"https:\/\/archive.sana.sy\/tr\/index.php?rest_route=%2Fwp%2Fv2%2Fcomments&post=4697"}],"version-history":[{"count":0,"href":"https:\/\/archive.sana.sy\/tr\/index.php?rest_route=\/wp\/v2\/posts\/4697\/revisions"}],"wp:featuredmedia":[{"embeddable":true,"href":"https:\/\/archive.sana.sy\/tr\/index.php?rest_route=\/wp\/v2\/media\/4735"}],"wp:attachment":[{"href":"https:\/\/archive.sana.sy\/tr\/index.php?rest_route=%2Fwp%2Fv2%2Fmedia&parent=4697"}],"wp:term":[{"taxonomy":"category","embeddable":true,"href":"https:\/\/archive.sana.sy\/tr\/index.php?rest_route=%2Fwp%2Fv2%2Fcategories&post=4697"},{"taxonomy":"post_tag","embeddable":true,"href":"https:\/\/archive.sana.sy\/tr\/index.php?rest_route=%2Fwp%2Fv2%2Ftags&post=4697"}],"curies":[{"name":"wp","href":"https:\/\/api.w.org\/{rel}","templated":true}]}}