{"id":46995,"date":"2015-09-16T16:35:10","date_gmt":"2015-09-16T13:35:10","guid":{"rendered":"http:\/\/sana.sy\/tr\/?p=46995"},"modified":"2015-09-17T19:33:47","modified_gmt":"2015-09-17T16:33:47","slug":"siyasi-hedefler-icin-tek-yol-terore-karsi-savasta-birlesmek","status":"publish","type":"post","link":"https:\/\/archive.sana.sy\/tr\/?p=46995","title":{"rendered":"Siyasi Hedefler \u0130\u00e7in tek Yol Ter\u00f6re Kar\u015f\u0131 Sava\u015fta Birle\u015fmek"},"content":{"rendered":"<p>\u015eAM \u2013 Cumhurba\u015fkan\u0131 Be\u015f\u015far el Esad Suriye&#8217;nin gelece\u011fi konusunda toplu bir uzla\u015fmaya varmak i\u00e7in ter\u00f6rle m\u00fccadeleye e\u015f zamanl\u0131 olarak siyasi \u00e7\u00f6z\u00fcm y\u00f6n\u00fcnde diyalogun s\u00fcrd\u00fcr\u00fclmesi gere\u011fini vurgulad\u0131.<\/p>\n<p>El Esad Rus RT, Rossiyskaya Gazetesi, Channel 1, Russia 24, RIA Novosti ve NTV televizyonuna verdi\u011fi r\u00f6portajda t\u00fcm g\u00fc\u00e7leri ter\u00f6re kar\u015f\u0131 sava\u015fta birle\u015fmeye \u00e7a\u011f\u0131r\u0131rken; Suriyeliler olarak istenilen siyasi hedeflere tek yolun bul oldu\u011funu ifade etti.<\/p>\n<p>Bat\u0131l\u0131 kimi devletlerin bir yandan Suriyeli m\u00fclteciler i\u00e7in timsah g\u00f6zya\u015flar\u0131 d\u00f6kt\u00fc\u011f\u00fc bir zamanda di\u011fer yandan da krizin ba\u015f\u0131ndan beri Suriye&#8217;deki ter\u00f6ristleri desteklemekle makineli silah namlular\u0131n\u0131 Suriyelilere \u00e7evirdi\u011fini belirtti.<\/p>\n<p><span style=\"color: #0000ff\">Ancak ve Ancak Ter\u00f6r\u00fc Hezimete U\u011fratmakla M\u00fcmk\u00fcn Olabilir<\/span><\/p>\n<p>R\u00f6portajda gazetecilerin sorular\u0131n\u0131 bir bir cevaplayan el Esad; Suriye&#8217;nin krizin ba\u015f\u0131ndan beri diyaloga b\u00fcy\u00fck \u00f6nem verdi\u011fine dikkat \u00e7ekerek Cenevre ve Moskova\u2019da yap\u0131lan g\u00f6r\u00fc\u015fmelere dikkat \u00e7ekti.<\/p>\n<p>El Esad bu g\u00f6r\u00fc\u015fmeler aras\u0131nda en iyi sonucun Moskova II g\u00f6r\u00fc\u015fmelerinde elde edildi\u011fini s\u00f6yledi. Bu g\u00f6r\u00fc\u015fmelerin de tam olarak tamamlanmad\u0131\u011f\u0131n\u0131 belirten el Esad; bu \u015fekilde b\u00fcy\u00fck bir krizde bunun da gayet normal oldu\u011funu ifade etti. G\u00f6r\u00fc\u015fmelerde bir k\u0131s\u0131m ad\u0131mlar\u0131n kaydedildi\u011fini ifade eden el Esad; tamamlanmas\u0131 i\u00e7in Moskova III toplant\u0131lar\u0131n\u0131n d\u00fczenlenmesi beklendi\u011fini a\u00e7\u0131klad\u0131.<\/p>\n<p>El Esad Suriye&#8217;deki kriz gibi b\u00fcy\u00fck bir krize saatler yada g\u00fcnler i\u00e7inde \u00e7\u00f6z\u00fcm bulman\u0131n m\u00fcmk\u00fcn olmad\u0131\u011f\u0131n\u0131, fakat Suriye&#8217;nin gelece\u011fi i\u00e7in ter\u00f6rle m\u00fccadeleye e\u015f zamanl\u0131 olarak Suriyeli siyasi varl\u0131klar ya ada partiler aras\u0131nda diyalogu s\u00fcrd\u00fcrmenin gerekli oldu\u011funu vurgulad\u0131.<\/p>\n<p>Ter\u00f6re son vermeden hi\u00e7bir siyasi geli\u015fme kaydetmenin m\u00fcmk\u00fcn olmad\u0131\u011f\u0131n\u0131 belirten el Esad; \u00fcst\u00fcne anla\u015f\u0131lacak siyasi meselelerin ter\u00f6re son vermeden hayata ge\u00e7irilmesinin m\u00fcmk\u00fcn olmad\u0131\u011f\u0131na ifade etti. El Esad sadece I\u015e\u0130D de\u011fil, Suriye&#8217;de t\u00fcm ter\u00f6r\u00fcn hezimete u\u011frat\u0131lmas\u0131 ve halk\u0131n g\u00fcvenli\u011finin sa\u011flanmas\u0131 ard\u0131ndan e\u011fitim, sa\u011fl\u0131k, sosyal, ekonomik, politik ya da ba\u015fka konularda geli\u015fme sa\u011flanabilece\u011finin alt\u0131n\u0131 \u00e7izdi.<\/p>\n<p><span style=\"color: #0000ff\">Y\u00f6netimi Payla\u015fmak Tamamen Anayasa ve Parlamento Se\u00e7imlerine Ba\u011fl\u0131d\u0131r<\/span><\/p>\n<p><a href=\"http:\/\/sana.sy\/tr\/?attachment_id=46989\" rel=\"attachment wp-att-46989\"><img loading=\"lazy\" decoding=\"async\" class=\"size-medium wp-image-46989 alignright\" src=\"http:\/\/sana.sy\/tr\/wp-content\/uploads\/2015\/09\/MPA_5779-300x147.jpg\" alt=\"MPA_5779\" width=\"300\" height=\"147\" srcset=\"https:\/\/archive.sana.sy\/tr\/wp-content\/uploads\/2015\/09\/MPA_5779-300x147.jpg 300w, https:\/\/archive.sana.sy\/tr\/wp-content\/uploads\/2015\/09\/MPA_5779-150x73.jpg 150w, https:\/\/archive.sana.sy\/tr\/wp-content\/uploads\/2015\/09\/MPA_5779-1024x500.jpg 1024w\" sizes=\"auto, (max-width: 300px) 100vw, 300px\" \/><\/a>Y\u00f6netimin muhalefetle payla\u015f\u0131lmas\u0131 konusunda ise el Esad; bunun y\u0131llar \u00f6nce yap\u0131ld\u0131\u011f\u0131n\u0131 ve y\u00f6netime kat\u0131lmay\u0131 kabul eden bir k\u0131s\u0131m muhalefetin h\u00fck\u00fcmete kat\u0131ld\u0131\u011f\u0131na dikkat \u00e7ekti.<\/p>\n<p>Suriye&#8217;de y\u00f6netime kat\u0131lma mevzusunun tamamen y\u00fcr\u00fcrl\u00fckteki anayasa ve parlamento se\u00e7imleri \u00e7er\u00e7evesinde belirlendi\u011fini belirten el Esad; hangi g\u00fcc\u00fcn ne derecede halk\u0131 temsil etti\u011fi ve ne b\u00fcy\u00fckl\u00fckte halk taban\u0131na sahip oldu\u011funa ba\u011fl\u0131 oldu\u011funu ifade etti.<\/p>\n<p>El Esad buna ra\u011fmen ve kriz nedeniyle at\u0131lan ad\u0131mlar\u0131n tehlikesine ald\u0131r\u0131lmadan olumlu bir ad\u0131m at\u0131lmas\u0131 amac\u0131yla bir k\u0131s\u0131m muhaliflerin h\u00fck\u00fcmete kat\u0131lmalar\u0131na izin verildi\u011fini belirtti.<\/p>\n<p><span style=\"color: #0000ff\">Bir G\u00f6zleriyle A\u011fl\u0131yorlar, Di\u011fer G\u00f6zleriyle de Ni\u015fan Al\u0131yorlar<\/span><\/p>\n<p>\u00d6zellikle son s\u00fcre\u00e7 i\u00e7inde Suriyeli m\u00fclteciler i\u00e7in medyada ve siyasi a\u00e7\u0131klamalar\u0131nda h\u0131r\u00e7\u0131n bir hamle ba\u015flatan Avrupal\u0131lar\u0131n bir g\u00f6zleriyle m\u00fclteciler i\u00e7in a\u011flad\u0131klar\u0131 bir zamanda di\u011fer g\u00f6zleriyle de Suriyelilere namlular\u0131 y\u00f6nlendirip ni\u015fan ald\u0131klar\u0131n\u0131 belirtti.<\/p>\n<p>S\u00f6zlerine devam eden el Esad; Suriyeli m\u00fcltecilerin kendilerinin dedikleri gibi rejimden yada h\u00fck\u00fcmetten de\u011fil, destekledikleri ter\u00f6r \u00f6rg\u00fctlerin eylemlerinden ka\u00e7t\u0131klar\u0131n\u0131 vurgulad\u0131. El Esad m\u00fcltecilerin ter\u00f6ristlerin \u00f6ld\u00fcrme, ka\u00e7\u0131rma ve deh\u015fet verici di\u011fer eylemlerinden ka\u00e7malar\u0131n\u0131n yan\u0131 s\u0131ra bu ter\u00f6r\u00fcn yol a\u00e7t\u0131\u011f\u0131 y\u0131k\u0131mdan, altyap\u0131 ve hizmet \u015febekelerinin sabote edilmesinden ka\u00e7t\u0131klar\u0131n\u0131 ifade etti.<\/p>\n<p><span style=\"color: #0000ff\">Her Zaman Muhtelif \u0130ddialar\u0131 Var<\/span><\/p>\n<p>Bat\u0131l\u0131 devletlerin ter\u00f6re desteklerinde her zaman muhtelif iddialar\u0131 bulundu\u011funa dikkat \u00e7eken el Esad; ilk ba\u015fta \u2018bar\u0131\u015f\u00e7\u0131l g\u00f6steriler\u2019 terimini kulland\u0131klar\u0131n\u0131, ard\u0131ndan da \u2018\u0131l\u0131ml\u0131 muhalifler\u2019 ad\u0131n\u0131 verdiklerini belirtti. El Esad; Suriye&#8217;de tekfirci ter\u00f6r \u00f6rg\u00fctlerin g\u00fcn y\u00fcz\u00fc gibi ortaya \u00e7\u0131kmalar\u0131yla birlikte G\u00fcvenlik Konseyinin I\u015e\u0130D ve Nusra Cephesini uluslar aras\u0131 ter\u00f6r listesine almas\u0131 ard\u0131ndan ise bu devletlerin ter\u00f6r \u00f6rg\u00fctlerinin varl\u0131\u011f\u0131n\u0131 kabul etmekten ba\u015fka \u00e7areleri kalmay\u0131nca t\u00fcm bu \u00f6rg\u00fctlerin Suriye&#8217;deki y\u00f6netim ve ba\u015fkan\u0131 nedeniyle var oldu\u011funu \u00f6ne s\u00fcrd\u00fcklerini ifade etti.<\/p>\n<p>S\u00f6zlerine devam eden el Esad; Bat\u0131l\u0131 devletlerin ger\u00e7ekle ilgisi olmayan iddialar\u0131na devam etmeleri ve ger\u00e7ekleri idrak etmedikleri s\u00fcrece m\u00fclteciler meselesine \u00e7\u00f6z\u00fcm bulmalar\u0131 ya da ter\u00f6re kar\u015f\u0131 m\u00fccadele verdikleri iddialar\u0131n\u0131n inand\u0131r\u0131c\u0131 olmas\u0131n\u0131n m\u00fcmk\u00fcn olmad\u0131\u011f\u0131n\u0131 vurgulad\u0131.<\/p>\n<p>El Esad sonu\u00e7 itibar\u0131yla Avrupal\u0131lar\u0131n ger\u00e7ekten m\u00fclteciler ve ter\u00f6r meselesine \u00e7\u00f6z\u00fcm bulmak istemeleri halinde ter\u00f6re desteklerini kesmelerinin temel bir \u00f6ncelik oldu\u011funu ifade etti.<\/p>\n<p><span style=\"color: #0000ff\">Halk\u0131n \u0130stekleri Do\u011frultusunda Birle\u015fmek Gerekiyor<\/span><\/p>\n<p>Suriye&#8217;nin bu s\u00fcre\u00e7 i\u00e7inde e\u015fi benzeri g\u00f6r\u00fclmemi\u015f evrensel bir ter\u00f6re kar\u015f\u0131 sava\u015f verdi\u011fini belirten el Esad; sava\u015fta ise t\u00fcm halk\u00e7\u0131 ve ulusalc\u0131 g\u00fc\u00e7lerin d\u00fc\u015fmana kar\u015f\u0131 birle\u015fmelerinin gerekti\u011fini ifade etti.<\/p>\n<p>Vatan ve halk\u0131 hedef alan d\u00fc\u015fman\u0131n gerek yurti\u00e7indeki ter\u00f6r gerekse d\u0131\u015far\u0131dan olmas\u0131n\u0131n dikkate al\u0131nmaks\u0131z\u0131n bu d\u00fc\u015fmana kar\u015f\u0131 birle\u015fmenin \u00f6nemini ifade eden el Esad; g\u00fcn\u00fcm\u00fczde istisnas\u0131z Suriyeli her vatanda\u015f\u0131n temel \u00f6ncelikli arzusunun g\u00fcven oldu\u011funun alt\u0131n\u0131 \u00e7izdi. El Esad bu halk\u0131n istekleri ve arzular\u0131 \u0131\u015f\u0131\u011f\u0131nda d\u00fc\u015fmana kar\u015f\u0131 birle\u015fmenin halk\u0131n isteklerini ve ideallerini yerine getirme niteli\u011finde oldu\u011funu belirtti.<\/p>\n<p>S\u00f6zlerine devam eden el Esad gerek h\u00fck\u00fcmet, gerek siyasi g\u00fc\u00e7ler gerekse h\u00fck\u00fcmete kar\u015f\u0131 sava\u015fan silahl\u0131 gruplar dahil t\u00fcm herkesin ter\u00f6re kar\u015f\u0131 sava\u015fta saflar\u0131n\u0131 birle\u015ftirmeleri gerekti\u011fine dikkat \u00e7ekerken, bunun bir k\u0131s\u0131m b\u00f6lgelerde ba\u015far\u0131yla ger\u00e7ekle\u015ftirildi\u011fini s\u00f6yledi. El Esad bu b\u00f6lgelerde daha \u00f6nce h\u00fck\u00fcmete kar\u015f\u0131 sava\u015fan silahl\u0131 gruplar\u0131n orduyla birle\u015ferek ter\u00f6re kar\u015f\u0131 sava\u015fmaya ba\u015flad\u0131klar\u0131n\u0131 ifade etti.<\/p>\n<p><span style=\"color: #0000ff\">Moskova III Ba\u015far\u0131l\u0131 Olmadan Cenevre III Ba\u015far\u0131l\u0131 Olamaz<\/span><\/p>\n<p>Cenevre III\u2019\u00fcn d\u00fczenlenmesi konusunda ise el Esad; Cenevre III g\u00f6r\u00fc\u015fmelerinin ba\u015far\u0131l\u0131 olmas\u0131 i\u00e7in Moskova III g\u00f6r\u00fc\u015fmelerinin yap\u0131lmas\u0131 ve ba\u015far\u0131l\u0131 olmas\u0131 gerekti\u011fini belirtti.<\/p>\n<p>El Esad Cenevre&#8217;de yap\u0131lan g\u00f6r\u00fc\u015fmelere uluslar aras\u0131 taraflarca d\u00fcr\u00fcst olmayan m\u00fcdahaleler yap\u0131ld\u0131\u011f\u0131n\u0131 ve muhalif \u015fahsiyetlere kendi g\u00f6r\u00fc\u015f ve planlar\u0131 \u00e7er\u00e7evesinde dayatmalar yap\u0131ld\u0131\u011f\u0131n\u0131 ifade etti. Moskova\u2019da yap\u0131lan g\u00f6r\u00fc\u015fmelerde ise Rusya&#8217;n\u0131n kimseye dayatmalarda bulunmad\u0131\u011f\u0131n\u0131 ifade eden el Esad; dolay\u0131s\u0131yla Suriye&#8217;nin gerekli haz\u0131rl\u0131k ve ortam\u0131n yap\u0131lmas\u0131 ard\u0131ndan Moskova III g\u00f6r\u00fc\u015fmelerinin yap\u0131lmas\u0131n\u0131 onaylad\u0131\u011f\u0131n\u0131 kaydetti.<\/p>\n<p><span style=\"color: #0000ff\">\u0130ran\u2019\u0131n D\u00fc\u015f\u00fcnceleri Ulusal Egemenlik ve Halk\u0131n Karar\u0131na Dayan\u0131yor<\/span><\/p>\n<p><a href=\"http:\/\/sana.sy\/tr\/wp-content\/uploads\/2015\/09\/Esad-2.jpg\"><img loading=\"lazy\" decoding=\"async\" class=\"alignright wp-image-47036 size-medium\" src=\"http:\/\/sana.sy\/tr\/wp-content\/uploads\/2015\/09\/Esad-2-300x141.jpg\" alt=\"Esad 2\" width=\"300\" height=\"141\" srcset=\"https:\/\/archive.sana.sy\/tr\/wp-content\/uploads\/2015\/09\/Esad-2-300x141.jpg 300w, https:\/\/archive.sana.sy\/tr\/wp-content\/uploads\/2015\/09\/Esad-2-150x71.jpg 150w, https:\/\/archive.sana.sy\/tr\/wp-content\/uploads\/2015\/09\/Esad-2-1024x482.jpg 1024w\" sizes=\"auto, (max-width: 300px) 100vw, 300px\" \/><\/a>\u0130ran\u2019\u0131n giri\u015fimi konusunda ise el Esad; \u0130ran\u2019\u0131n tam anlam\u0131yla bir giri\u015fimde bulunmad\u0131\u011f\u0131n\u0131, giri\u015fimden daha ziyade ilke ve \u00f6neriler takdim etti\u011fini s\u00f6yledi. El Esad bu ilke ve \u00f6nerilerin ise Suriye&#8217;nin ulusal egemenli\u011fi ve halk\u0131n karar\u0131na dayand\u0131\u011f\u0131na dikkat \u00e7ekti.<\/p>\n<p>S\u00f6zlerine devam eden el Esad; \u0130ran\u2019\u0131n bu \u00f6neri ve ilkelerinde ayn\u0131 zamanda ter\u00f6rle m\u00fccadeleye odakland\u0131\u011f\u0131na da dikkat \u00e7ekti.<\/p>\n<p>\u0130ran ve Suriye aras\u0131nda on y\u0131llara dayanan k\u00f6kl\u00fc ve sa\u011flam ili\u015fkiler bulundu\u011funu belirten el Esad; \u0130ran\u2019\u0131n Suriye devleti, halk\u0131 ve ordusunu destekledi\u011fini s\u00f6yledi. El Esad fakat \u0130ran\u2019\u0131n Suriye&#8217;ye askeri deste\u011finin, kimi taraflar\u0131n iddia etti\u011fi gibi g\u00fc\u00e7 g\u00f6nderme niteli\u011finde olmad\u0131\u011f\u0131n\u0131n alt\u0131n\u0131 \u00e7izdi.<\/p>\n<p><span style=\"color: #0000ff\">M\u0131s\u0131r ile \u0130li\u015fkilerimiz Hi\u00e7bir Zaman Kesilmedi<\/span><\/p>\n<p>M\u0131s\u0131r ile ili\u015fkilere ili\u015fkin bir soruya cevab\u0131nda ise el Esad; Suriye ile M\u0131s\u0131r aras\u0131ndaki ili\u015fkilerin hi\u00e7bir zaman kesilmedi\u011fini belirtti.<\/p>\n<p>El Esad; M\u00fcsl\u00fcman Karde\u015fler Cemaatine tabi Muhammed Mursi zaman\u0131nda bile M\u0131s\u0131rl\u0131 bir k\u0131s\u0131m kurumlar\u0131n Suriye ile ili\u015fkilerin devam etmesine \u0131srar ettiklerini ve bu ili\u015fkilerin devam etti\u011fini s\u00f6yledi.<\/p>\n<p>M\u0131s\u0131rl\u0131lar\u0131n bir k\u0131sm\u0131n\u0131n ba\u015ftan beri Suriye&#8217;yi hedef alan planlar\u0131n ger\u00e7e\u011fini idrak ettiklerini ve d\u00fc\u015fman\u0131n bir oldu\u011funu anlad\u0131klar\u0131n\u0131 ifade eden el Esad; dolay\u0131s\u0131yla iki \u00fclke aras\u0131ndaki g\u00fcvelik ili\u015fkilerinin devam etti\u011fini kaydetti. El Esad iki \u00fclke aras\u0131nda siyasi ili\u015fkilerin ise bulunmad\u0131\u011f\u0131n\u0131 s\u00f6ylerken, iki \u00fclke aras\u0131nda g\u00fc\u00e7l\u00fc ili\u015fkilerin olmamas\u0131 y\u00f6n\u00fcnde ciddi dayatma ve bask\u0131lar\u0131n bulundu\u011funa i\u015faret etti.<\/p>\n<p><span style=\"color: #0000ff\">T\u00fcrkiye&#8217;nin I\u015e\u0130D ve Nusra Cephesine Deste\u011fi Herkes Taraf\u0131ndan Biliniyor<\/span><\/p>\n<p>T\u00fcrkiye s\u0131n\u0131rlar\u0131 \u00fczerine I\u015e\u0130D\u2019in olmad\u0131\u011f\u0131 bir b\u00f6lgenin kurulmas\u0131 y\u00f6n\u00fcnde Suriye&#8217;nin tutumuna ili\u015fkin bir soruya cevab\u0131nda el Esad; T\u00fcrkiye ile s\u0131n\u0131rlar\u0131n ter\u00f6rden ar\u0131nd\u0131r\u0131lm\u0131\u015f olmas\u0131n\u0131n g\u00fczel ve \u00f6nemli bir durum oldu\u011funu s\u00f6yledi. Fakat bunun ter\u00f6r\u00fcn Suriye&#8217;nin ba\u015fka b\u00f6lgelerinde olmas\u0131n\u0131 kabul etme anlam\u0131na gelmemesi gerekti\u011fini belirten el Esad; dolay\u0131s\u0131yla bu s\u00f6zlerin kesinlikle kabul edilemez oldu\u011funu belirtti. El Esad ter\u00f6r\u00fcn bulundu\u011fu her yerde ve her noktada yok edilmesi gerekti\u011finin alt\u0131n\u0131 \u00e7izdi.<\/p>\n<p>Suriye&#8217;nin 30 y\u0131ldan fazla bir s\u00fcredir ter\u00f6rle etkin bir m\u00fccadele verecek uluslar aras\u0131 bir koalisyon te\u015fkiline \u00e7a\u011fr\u0131 yapt\u0131\u011f\u0131n\u0131 hat\u0131rlatan el Esad; Nusra ve I\u015e\u0130D \u00f6rg\u00fct\u00fcne kimin ve nas\u0131l destek verdi\u011finin artt\u0131k her kes taraf\u0131ndan bilindi\u011fine vurgu yapt\u0131.<\/p>\n<p><a href=\"http:\/\/sana.sy\/tr\/wp-content\/uploads\/2015\/09\/Esad-1.jpg\"><img loading=\"lazy\" decoding=\"async\" class=\"alignright wp-image-47037 size-medium\" src=\"http:\/\/sana.sy\/tr\/wp-content\/uploads\/2015\/09\/Esad-1-300x158.jpg\" alt=\"Esad 1\" width=\"300\" height=\"158\" srcset=\"https:\/\/archive.sana.sy\/tr\/wp-content\/uploads\/2015\/09\/Esad-1-300x158.jpg 300w, https:\/\/archive.sana.sy\/tr\/wp-content\/uploads\/2015\/09\/Esad-1-150x79.jpg 150w, https:\/\/archive.sana.sy\/tr\/wp-content\/uploads\/2015\/09\/Esad-1-1024x538.jpg 1024w\" sizes=\"auto, (max-width: 300px) 100vw, 300px\" \/><\/a>T\u00fcrkiye&#8217;deki rejimin Kaide \u00d6rg\u00fct\u00fcn\u00fcn Suriye kolu Nusra Cephesi ve I\u015e\u0130D\u2019e silah, para, bar\u0131nak, g\u00fcvenli ge\u00e7it ve ter\u00f6ristlerle deste\u011finin herkes taraf\u0131ndan bilindi\u011fini belirten el Esad; T\u00fcrkiye&#8217;nin de Bat\u0131ya yak\u0131nl\u0131\u011f\u0131n\u0131n da bilindi\u011fini belirtti. El Esad Erdo\u011fan ve Davuto\u011flu\u2019nun ilk ba\u015fta ABD ve Ard\u0131ndan Bat\u0131l\u0131 devletlerle koordinasyonda bulunmanda bir ad\u0131m bile atamayacaklar\u0131n\u0131n malum oldu\u011funu s\u00f6yledi.<\/p>\n<p>Bat\u0131l\u0131 devletlerin her zaman tekfircileri ve ter\u00f6r \u00f6rg\u00fctleri kendi planlar\u0131 ve kontrollerinde kullanabileceklerini d\u00fc\u015f\u00fcnd\u00fcklerine dikkat \u00e7eken el Esad; \u015fimdi de kontrollerinden \u00e7\u0131kan I\u015e\u0130D\u2019e kar\u015f\u0131 Nusra Cephesini kullanmaya \u00e7al\u0131\u015ft\u0131klar\u0131n\u0131 s\u00f6yledi.<\/p>\n<p>El Esad her \u015feye ra\u011fmen ne T\u00fcrkiye ne de Bat\u0131l\u0131 devletlerin I\u015e\u0130D\u2019i yok etme iste\u011finde ya da \u00e7abas\u0131nda olmad\u0131klar\u0131n\u0131 belirtti.<\/p>\n<p>Suriye a\u00e7\u0131s\u0131ndan ise el Esad; devlete ve vatanda\u015flara kar\u015f\u0131 silah ta\u015f\u0131yan herkesin ter\u00f6rist oldu\u011funu, adlar\u0131n\u0131n I\u015e\u0130D mi, Nusra Cephesi mi ya da ba\u015fka ne oldu\u011funun hi\u00e7bir \u00f6nemi bulunmad\u0131\u011f\u0131n\u0131n alt\u0131n\u0131 \u00e7izdi.<\/p>\n<p><span style=\"color: #0000ff\">Ger\u00e7ek \u0130radeye Sahip Herkesle M\u00fcmk\u00fcnd\u00fcr<\/span><\/p>\n<p>Suriye&#8217;nin ter\u00f6rle m\u00fccadelede i\u015fbirli\u011fi i\u00e7inde olabilece\u011fi devletlerin kim oldu\u011fu y\u00f6n\u00fcndeki bir soruya cevab\u0131nda el Esad; ter\u00f6rle m\u00fccadeleye ciddi bir iradeye sahip her \u00fclke ile i\u015fbirli\u011fi olabilece\u011fini belirtti.<\/p>\n<p>Mevcut s\u00fcre\u00e7 i\u00e7inde Rusya, \u0130ran ve Irak ile i\u015fbirli\u011finin oldu\u011funu belirten el Esad; ciddi iradeye sahip hi\u00e7bir \u00fclkeye kar\u015f\u0131 vetonun ulunmad\u0131\u011f\u0131n\u0131 ifade etti.<\/p>\n<p>T\u00fcrkiye, ABD, Katar, Suudi Arabistan, Fransa, \u0130ngiltere ve benzeri devletlerin ter\u00f6re destek verdikleri bir zamanda ter\u00f6rle m\u00fccadele iddialar\u0131n\u0131n kesinlikle inand\u0131r\u0131c\u0131 olmad\u0131\u011f\u0131n\u0131 vurgulayan el Esad; her \u015feye ra\u011fmen bu devletlerin ter\u00f6re kar\u015f\u0131 ge\u00e7ek ve d\u00fcr\u00fcst bir iradeye sahip olmalar\u0131, ter\u00f6re desteklerini kesmeleri halinde yine de i\u015fbirli\u011fi i\u00e7inde olmamak i\u00e7in bir neden bulunmad\u0131\u011f\u0131n\u0131 vurgulad\u0131.<\/p>\n<p><span style=\"color: #0000ff\">Suriye Ordusu Halk\u0131n Deste\u011fiyle G\u00fc\u00e7 Kazan\u0131yor<\/span><\/p>\n<p>Cumhurba\u015fkan\u0131 el Esad Suriye ordusunun son durumuna ili\u015fkin soruya yan\u0131t\u0131nda, sava\u015f\u0131n y\u0131k\u0131c\u0131 oldu\u011funu ve ne kadar g\u00fc\u00e7l\u00fc olursa olsunherhangi bir \u00fclkenin ordusunu ya da toplumunu zay\u0131flatmas\u0131n\u0131n ka\u00e7\u0131n\u0131lmaz oldu\u011funu s\u00f6yledi.<\/p>\n<p>El Esad, ordunun zay\u0131flamas\u0131 ya da g\u00fc\u00e7lenmesinden s\u00f6z edilemeyece\u011fini, halk\u0131n orduya verdi\u011fi deste\u011fin ve orduyu kucaklamas\u0131n\u0131n ordu saflar\u0131na g\u00f6n\u00fcll\u00fc kat\u0131l\u0131m\u0131 artt\u0131rd\u0131\u011f\u0131n\u0131 ifade etti.<\/p>\n<p>Ordunun yedek g\u00fcc\u00fc bulunup bulunmad\u0131\u011f\u0131 konusunda ise el Esad ordunun yedek g\u00fcc\u00fc bulundu\u011funu, aksi halde 4 y\u0131l boyunca direnemeyece\u011fini belirterek Suriye ordusuna kar\u015f\u0131 sava\u015fan d\u00fc\u015fman\u0131n s\u0131n\u0131rs\u0131z bir insan kayna\u011f\u0131na sahip oldu\u011funu ve ordunun 80 ya da 90 \u00fclkeden ak\u0131n eden ter\u00f6ristlere kar\u015f\u0131 sava\u015ft\u0131\u011f\u0131n\u0131 ekledi.<\/p>\n<p>Suriye\u2019nin yedek ordusunun \u00f6ncelikli olarak Suriyelilerden olu\u015ftu\u011funa i\u015faret eden Cumhurba\u015fkan\u0131, bu yedek ordunun be\u015feri kadrolarla s\u0131n\u0131rl\u0131 olmad\u0131\u011f\u0131n\u0131, buna sava\u015fma ve vatan\u0131 ter\u00f6ristlere kar\u015f\u0131 savunma konusunda daha fazla irade ve azmin de eklendi\u011finin alt\u0131n\u0131 \u00e7izdi.<\/p>\n<p>El Esad ; \u201cbu durum ba\u015flang\u0131\u00e7ta devlete kar\u015f\u0131 sava\u015fan baz\u0131 militanlar\u0131 farkl\u0131 nedenlerden dolay\u0131 ve yanl\u0131\u015f yolda olduklar\u0131n\u0131 fark etmeleri ard\u0131ndan ordunun saflar\u0131na kat\u0131lmaya y\u00f6neltti. \u015eu an Suriye Silahl\u0131 Kuvvetlerinin saflar\u0131nda, farkl\u0131 b\u00f6lgelerde ter\u00f6ristlere kar\u015f\u0131 sava\u015f\u0131yorlar\u201d dedi.<\/p>\n<p><span style=\"color: #0000ff\">\u0130\u015e\u0130D Devlet De\u011fil Bat\u0131n\u0131n Son \u00dcr\u00fcn\u00fcd\u00fcr <\/span><\/p>\n<p>Cumhurba\u015fkan\u0131 el Esad, \u0130\u015e\u0130D ter\u00f6r \u00f6rg\u00fct\u00fcn\u00fcn saflar\u0131na ge\u00e7mi\u015fin hayalleriyle ya\u015fayan daha fazla g\u00f6n\u00fcll\u00fcn\u00fcnkat\u0131l\u0131m\u0131n\u0131 sa\u011flamakamac\u0131yla \u0130slam Devleti kurma \u00e7abas\u0131nda oldu\u011funa dikkat \u00e7ekerek \u0130\u015e\u0130D\u2019inolu\u015fturmaya \u00e7al\u0131\u015ft\u0131\u011f\u0131 \u0130slam devleti kurdu\u011fu y\u00f6n\u00fcndeki alg\u0131n\u0131n ger\u00e7ek d\u0131\u015f\u0131 ve aldatmacadan ibaret oldu\u011funu ifade etti.<\/p>\n<p>Hi\u00e7bir devletin ans\u0131z\u0131n ve yeni bir \u015fekille topluma dayat\u0131lamayaca\u011f\u0131na, devletin toplumun \u00fcr\u00fcn\u00fc olmas\u0131 gerekti\u011fine dikkat \u00e7eken el Esad, \u0130\u015e\u0130D Devleti yada \u0130\u015e\u0130D toplulu\u011fu olarak adland\u0131r\u0131lan olu\u015fumun Suriye halk\u0131yla alakas\u0131 olmad\u0131\u011f\u0131n\u0131n ve ona hi\u00e7bir \u015fekilde benzemedi\u011finin alt\u0131n\u0131 \u00e7izdi.<\/p>\n<p>Suriye\u2019deki ter\u00f6r gruplar\u0131n\u0131n Suriye toplumunu yans\u0131tmad\u0131\u011f\u0131na i\u015faret eden el Esad, dolay\u0131s\u0131yla yeni para ve pul basmas\u0131 ve pasaport \u00fcretmesinin devlet olarak varl\u0131k g\u00f6sterdiklerine kan\u0131t te\u015fkil etmedi\u011fini s\u00f6yledi.<\/p>\n<p>El Esad; \u201c\u00e7\u00fcnk\u00fc onlar Suriye halk\u0131na benzemiyorlar. Bununla birlikte oradaki halk ger\u00e7ek devlete, Suriye devletine g\u00f6\u00e7 etmekte ya da onlara kar\u015f\u0131 sava\u015fmakta. Bu yalanlara inanlar\u0131n say\u0131s\u0131 ise \u00e7ok az. Dolay\u0131s\u0131yla onlar devlet de\u011fil ter\u00f6r \u00f6rg\u00fct\u00fcd\u00fcr. Onlar bat\u0131n\u0131n \u00fcretti\u011fi ve siyasi ama\u00e7lar\u0131 olan siyasi yada ideolojik zehrin \u00fc\u00e7\u00fcnc\u00fc a\u015famas\u0131d\u0131r \u201d diye ekledi.<\/p>\n<p>Cumhurba\u015fkan\u0131 ilk a\u015famada, ge\u00e7en y\u00fczy\u0131l\u0131n ba\u015flar\u0131nda M\u00fcsl\u00fcman karde\u015flerin, ikinci a\u015famada ise Afganistan\u2019da Sovyetler Birli\u011fine kar\u015f\u0131 el Kaide \u00f6rg\u00fct\u00fcn\u00fcn kullan\u0131ld\u0131\u011f\u0131n\u0131 belirterek \u00fc\u00e7\u00fcnc\u00fc a\u015famada bat\u0131n\u0131n yaratt\u0131\u011f\u0131 a\u015f\u0131r\u0131c\u0131l\u0131\u011f\u0131n \u00fcr\u00fcn\u00fc olan \u0130\u015e\u0130D ve el Nusra Cephesinin harekete ge\u00e7irildi\u011fini kaydetti.<\/p>\n<p><span style=\"color: #0000ff\">Suriye\u2019nin Toprak ve Halk Birli\u011fi Kapsam\u0131nda Oldu\u011fu S\u00fcrece Hi\u00e7bir Talebe Kar\u015f\u0131 De\u011filiz<\/span><\/p>\n<p><a href=\"http:\/\/sana.sy\/tr\/wp-content\/uploads\/2015\/09\/Esad.jpg\"><img loading=\"lazy\" decoding=\"async\" class=\"alignright wp-image-47040 size-medium\" src=\"http:\/\/sana.sy\/tr\/wp-content\/uploads\/2015\/09\/Esad-300x141.jpg\" alt=\"Esad\" width=\"300\" height=\"141\" srcset=\"https:\/\/archive.sana.sy\/tr\/wp-content\/uploads\/2015\/09\/Esad-300x141.jpg 300w, https:\/\/archive.sana.sy\/tr\/wp-content\/uploads\/2015\/09\/Esad-150x70.jpg 150w, https:\/\/archive.sana.sy\/tr\/wp-content\/uploads\/2015\/09\/Esad-1024x481.jpg 1024w\" sizes=\"auto, (max-width: 300px) 100vw, 300px\" \/><\/a>Suriye\u2019de ya\u015fayan k\u00fctler konusunda ise el Esad, devletin hi\u00e7bir zaman K\u00fcrtlere kar\u015f\u0131 ay\u0131r\u0131mc\u0131 bir politika izlemedi\u011fini ve onlar\u0131 tek vatan\u0131n evlatlar\u0131ndan ayr\u0131 tutmad\u0131\u011f\u0131n\u0131 belirterek bunun b\u00f6l\u00fcnmeye yol a\u00e7acak bir unsur te\u015fkil etti\u011fine dikkat \u00e7ekti.<\/p>\n<p>\u201cSuriye devleti toplumun bile\u015fenlerine kar\u015f\u0131 ay\u0131r\u0131mc\u0131 bir politika izleseydi e\u011fer bu bile\u015fenlerin b\u00fcy\u00fck \u00e7o\u011funlu\u011fu \u015fu an devletin saf\u0131nda yer almazd\u0131\u201d diye ekledi.<\/p>\n<p>El Esad, K\u00fcrtlerin Suriye dokusunun bir par\u00e7as\u0131 oldu\u011funu, bu topraklar\u0131n yabanc\u0131s\u0131 de\u011fil, Araplar, \u00c7erkezler, Ermeniler ve di\u011fer mezhepler ve etnik gruplar gibi bu topraklarda as\u0131rlard\u0131r ayr\u0131mc\u0131l\u0131\u011fa maruz kalmadan ya\u015fad\u0131klar\u0131n\u0131 s\u00f6yledi.<\/p>\n<p>Bu gruplar olmasayd\u0131 Suriye\u2019nin homojen bir yap\u0131ya sahip olamayaca\u011f\u0131na i\u015faret eden el-Esad, Suriye\u2019deki K\u00fctlerin m\u00fcttefik de\u011fil vatansever olduklar\u0131n\u0131n alt\u0131n\u0131 \u00e7izdi.<\/p>\n<p>El Esad, t\u00fcm K\u00fcrtlerin ayn\u0131 potada de\u011ferlendirilemeyece\u011fini, Suriye\u2019deki di\u011fer bile\u015fenler gibi farkl\u0131 ak\u0131mlara, sa\u011f ve sol gibi siyasi partilere ve a\u015firetlere mensup olduklar\u0131n\u0131 belirterek K\u00fcrtleri tek bir blok alt\u0131nda de\u011ferlendirmenin objektif bir yakla\u015f\u0131m olamayaca\u011f\u0131na dikkat \u00e7ekti.<\/p>\n<p>El Esad; baz\u0131 K\u00fcrt partilerinin bir tak\u0131m talepleri oldu\u011funu, bu taleplerin K\u00fcrtler i\u00e7in K\u00fcrtlerin talebi say\u0131lmayaca\u011f\u0131n\u0131 ifade ederek \u201cbaz\u0131 K\u00fcrtler topluma entegre olmu\u015f \u015fekilde ya\u015f\u0131yorlar. Bu a\u015famada baz\u0131lar\u0131n\u0131n yans\u0131tmaya \u00e7al\u0131\u015ft\u0131\u011f\u0131 gibi m\u00fcttefik konumunda de\u011filler. Ordu saflar\u0131nda \u015fehit d\u00fc\u015fen K\u00fcrt vatanda\u015flar\u0131m\u0131z var. Bu da toplumla b\u00fct\u00fcnle\u015ftiklerinin kan\u0131t\u0131d\u0131r\u201d diye konu\u015ftu.<\/p>\n<p>Baz\u0131 K\u00fcrt partilerinin krizin ba\u015f\u0131nda bir tak\u0131m taleplerde bulunduklar\u0131n\u0131, bir k\u0131sm\u0131n\u0131n devlet taraf\u0131ndan kar\u015f\u0131land\u0131\u011f\u0131n\u0131 s\u00f6yleyen el Esad, fakat devletin kar\u015f\u0131layamayaca\u011f\u0131, devletle de\u011fil halkla ve anayasayla alakal\u0131 bir tak\u0131m taleplerin de bulundu\u011funu, bu talepleri devlet karar almadan \u00f6nce halk\u0131n da onaylamas\u0131 gerekti\u011fini ekledi.<\/p>\n<p>Cumhurba\u015fkan\u0131, \u015fu an halk\u0131n bir b\u00fct\u00fcn olarak \u0130\u015e\u0130D\u2019e, el Nusra Cephesi ve t\u00fcm ter\u00f6ristlere kar\u015f\u0131 sava\u015fmak i\u00e7in birle\u015fmesi gerekti\u011fine dikkat \u00e7ekerek ter\u00f6r \u00f6rg\u00fctlerine kar\u015f\u0131 zafer kazand\u0131ktan sonra K\u00fcrt partilerinin taleplerinin ulusal sahada tart\u0131\u015fmaya a\u00e7\u0131labilece\u011fini dile getirdi.<\/p>\n<p>Suriye\u2019nin, topraklar\u0131n\u0131n ve halk\u0131n\u0131n birli\u011fi ve b\u00fct\u00fcnl\u00fc\u011f\u00fc, ter\u00f6rle m\u00fccadele, toplumdaki etnik, ulusal, dini ve mezhepsel farkl\u0131l\u0131klar ve \u00f6zg\u00fcrl\u00fckleri kapsam\u0131nda oldu\u011fu s\u00fcrece bu taleplere kar\u015f\u0131 olmad\u0131klar\u0131n\u0131n alt\u0131n\u0131 \u00e7izdi.<\/p>\n<p>Suriye\u2019deki baz\u0131 K\u00fcrt g\u00fc\u00e7lerinin \u00fclkenin kuzeyinde \u00f6zerk y\u00f6netim kurma ve anayasay\u0131 de\u011fi\u015ftirme taleplerinin bulundu\u011funa ve K\u00fctlerin \u0130\u015e\u0130D\u2019 e kar\u015f\u0131 ba\u015far\u0131yla m\u00fccadele ettiklerine ili\u015fkin soruya yan\u0131t\u0131nda el Esad, \u00fclkemizi savundu\u011fumuz zaman te\u015fekk\u00fcr beklemiyoruz \u00e7\u00fcnk\u00fc bu do\u011fal g\u00f6revimizdir dedi.<\/p>\n<p>El Esad; \u201cte\u015fekk\u00fcr\u00fc hak ediyorlarsa \u00fclkesini savunan her Suriye vatanda\u015f\u0131 te\u015fekk\u00fcr\u00fc hak ediyor. Fakat bana g\u00f6re vatan\u0131 savunmak vatani bir g\u00f6revdir ve bu g\u00f6revi yerine getirirken te\u015fekk\u00fcre ihtiya\u00e7 duymazs\u0131n\u201d diye konu\u015ftu.<\/p>\n<p>\u00d6zerk y\u00f6netim konusunun ise anayasaya ba\u011fl\u0131 oldu\u011funu, dolay\u0131s\u0131yla anayasay\u0131 de\u011fi\u015ftirmenin ulusal diyalogu gerektirdi\u011fini vurgulayarak devletin Suriye\u2019nin toprak ve halk birli\u011fine ve \u00f6zg\u00fcrl\u00fc\u011f\u00fcne zarar vermedi\u011fi s\u00fcrece hi\u00e7bir konuya itiraz\u0131 olmad\u0131\u011f\u0131n\u0131 ifade etti.<\/p>\n<p>G\u00fcndeme getirilen taleplerin ulusal kapsamda ve Suriye\u2019deki g\u00fc\u00e7lerle diyalog i\u00e7inde olmas\u0131 gerekti\u011finin alt\u0131n\u0131 \u00e7izen el Esad, federal, \u00f6zerk yada yerel y\u00f6netim veya siyasi rejimin de\u011fi\u015ftirilmesine ili\u015fkin taleplerin halk\u0131n onay\u0131 olmadan yerine getirilemeyece\u011fine dikkat \u00e7ekti.<\/p>\n<p>El Esad; \u201cdolay\u0131s\u0131yla bu t\u00fcr talepleri dillendiren gruplar devletle diyalog kurmak yerine halk\u0131 ikna etmeliler ve Suriye halk\u0131n\u0131n alaca\u011f\u0131 her karar\u0131 onaylar\u0131z\u201d diye belirtti.<\/p>\n<p><span style=\"color: #0000ff\">Suriye\u2019nin \u0130\u015e\u0130D\u2019e Kar\u015f\u0131 Sava\u015fan Tek G\u00fc\u00e7 Oldu\u011funu \u0130tiraf Etmek \u0130stemiyorlar<\/span><\/p>\n<p>Cumhurba\u015fkan\u0131 el Esad, Suriye\u2019nin Suriye topraklar\u0131nda \u0130\u015e\u0130D\u2019te kar\u015f\u0131 operasyonlar d\u00fczenleyen uluslararas\u0131 koalisyonla koordine kurmad\u0131\u011f\u0131n\u0131, Suriye h\u00fck\u00fcmetiyle ABD h\u00fck\u00fcmeti yada Suriye ordusuyla ABD ordusu aras\u0131nda hi\u00e7bir temas\u0131n bulunmad\u0131\u011f\u0131n\u0131 s\u00f6yledi.<\/p>\n<p>Suriye ordusunun \u0130\u015e\u0130D\u2019e kar\u015f\u0131 sava\u015fan tek g\u00fc\u00e7 oldu\u011fu ger\u00e7e\u011fini kabullenemediklerini ve itiraf edemediklerini belirten el Esad, Suriye Ordusuyla i\u015fbirli\u011fi yapar ve temas kurarlarsa e\u011fer Suriye\u2019nin \u0130\u015e\u0130D\u2019e kar\u015f\u0131 sava\u015f y\u00fcr\u00fctt\u00fc\u011f\u00fcn\u00fc itiraf etmi\u015f olacaklar diyen el Esad, bunu Amerikan y\u00f6netiminin k\u00f6rl\u00fc\u011f\u00fc ve inad\u0131n\u0131n bir par\u00e7as\u0131 olarak de\u011ferlendirdi.<\/p>\n<p><span style=\"color: #0000ff\">Ter\u00f6rle Ciddi Anlamda M\u00fccadele Eden Herkesle \u0130\u015fbirli\u011fine Haz\u0131r\u0131z <\/span><\/p>\n<p>Krizin ba\u015f\u0131ndan bu yana Suriye\u2019deki y\u00f6netimi devirmek amac\u0131yla silahl\u0131 ter\u00f6r gruplar\u0131na destek veren bat\u0131l\u0131 \u00fclkelerle yeniden ili\u015fki kurup kurmayaca\u011f\u0131na ve onlara g\u00fcvenip g\u00fcvenmeyece\u011fine ili\u015fkin soruya yan\u0131t veren el Esad, bu t\u00fcr ili\u015fkilerin ki\u015fisel ba\u011flamda de\u011ferlendirilemeyece\u011fini ifade etti.<\/p>\n<p>Bu t\u00fcr ili\u015fkilerin devletleraras\u0131 ili\u015fkiler oldu\u011funu, dolay\u0131s\u0131yla bu konuda g\u00fcvenin de\u011fil mekanizmalar\u0131n baz olarak al\u0131nmas\u0131 gerekti\u011fini belirterek Suriye halk\u0131n\u0131n \u00e7\u0131kar\u0131na hizmet etti\u011fi s\u00fcrece hi\u00e7bir ad\u0131m\u0131 atmakta teredd\u00fct etmeyece\u011fini vurgulad\u0131.<br \/>\nTer\u00f6re kar\u015f\u0131 b\u00f6lgesel ittifak ve i\u015fbirli\u011fi, T\u00fcrkiye, Suudi Arabistan ve \u00dcrd\u00fcn gibi \u00fclkelerle g\u00fcvenlik alan\u0131nda koordine kurma konusunda ise el Esad, bu t\u00fcr ittifak\u0131n ve i\u015fbirli\u011finin ter\u00f6rle m\u00fccadeleye inanan ve ter\u00f6re kar\u015f\u0131 ciddi anlamda kar\u015f\u0131 olan \u00fclkelerle kurulabilece\u011fine dikkat \u00e7ekti.<\/p>\n<p>Ter\u00f6re destek verenlerin ter\u00f6re kar\u015f\u0131 m\u00fccadele edemeyece\u011fine i\u015faret eden el Esad, \u201cT\u00fcrkiye, Suudi Arabistan bunu yapmakta \u015fu an. Suriye\u2019nin kuzeyinde ter\u00f6r kar\u015f\u0131t\u0131 koalisyonun bir par\u00e7as\u0131 oldu\u011funu iddia eden \u00dcrd\u00fcn ise Suriye\u2019nin kuzeyinde ve g\u00fcneyinde ter\u00f6r\u00fc desteklemektedir. Bu \u00fclkelerin hatalar\u0131ndan d\u00f6nmesi ve ter\u00f6rle ciddi \u015fekilde m\u00fccadele etmeleri halinde Suriye halk\u0131n\u0131n \u00e7\u0131karlar\u0131 do\u011frultusunda onlarla i\u015fbirli\u011fine haz\u0131r\u0131z\u201d diye konu\u015ftu.<\/p>\n<p>Suriyeli m\u00fclteciler sorununa de\u011finen el Esad, ter\u00f6ristler hari\u00e7 Suriye\u2019yi terk eden her vatanda\u015f\u0131n vatan\u0131n bir kayb\u0131 oldu\u011funu belirterek ya\u015fan\u0131n g\u00f6\u00e7\u00fc Suriye a\u00e7\u0131s\u0131ndan bir kay\u0131p olarak de\u011ferlendirdi.<\/p>\n<p>Bat\u0131 medyas\u0131n\u0131n Suriyeli m\u00fcltecilerin ba\u015fkan\u0131n zulm\u00fcnden ve katliamlar\u0131ndan ka\u00e7t\u0131\u011f\u0131 propagandas\u0131na ra\u011fmen ge\u00e7en y\u0131l yap\u0131lan ba\u015fkanl\u0131k se\u00e7imlerinde farkl\u0131 \u00fclkelerde ve \u00f6zellikle L\u00fcbnan\u2019da ya\u015fayan m\u00fcltecilerin ba\u015fkan\u0131n lehine oy kulland\u0131\u011f\u0131na i\u015faret eden el Esad, bunun yap\u0131lan propagandaya indirilmi\u015f b\u00fcy\u00fck bir darbe oldu\u011funu s\u00f6yledi.<\/p>\n<p>Bat\u0131n\u0131n \u00e7ifte standartl\u0131 bir politika izledi\u011fini ifade eden el Esad, \u201c\u00f6len her masum insan i\u00e7in ac\u0131 duymaktay\u0131z. Fakat denizde bo\u011fularak \u00f6len insan Suriye\u2019de \u00f6ld\u00fcr\u00fclen insandan daha de\u011ferli olabilir mi? Ter\u00f6ristler taraf\u0131ndan kafas\u0131 kesilerek \u00f6ld\u00fcr\u00fclen bir insandan daha m\u0131 de\u011ferlidir? Denizde bo\u011fularak \u00f6len bir \u00e7ocuk i\u00e7in ac\u0131 duyanlar nas\u0131l oluyor da Suriye\u2019de ter\u00f6ristler taraf\u0131ndan \u00f6ld\u00fcr\u00fclen binlerce \u00e7ocuk, gen\u00e7, ya\u015fl\u0131 ve kad\u0131n i\u00e7in ac\u0131 duymuyorlar?\u201d dedi.<\/p>\n<p><a href=\"http:\/\/sana.sy\/tr\/wp-content\/uploads\/2015\/09\/Esad-2.jpg\"><img loading=\"lazy\" decoding=\"async\" class=\"alignright wp-image-47036 size-medium\" src=\"http:\/\/sana.sy\/tr\/wp-content\/uploads\/2015\/09\/Esad-2-300x141.jpg\" alt=\"Esad 2\" width=\"300\" height=\"141\" srcset=\"https:\/\/archive.sana.sy\/tr\/wp-content\/uploads\/2015\/09\/Esad-2-300x141.jpg 300w, https:\/\/archive.sana.sy\/tr\/wp-content\/uploads\/2015\/09\/Esad-2-150x71.jpg 150w, https:\/\/archive.sana.sy\/tr\/wp-content\/uploads\/2015\/09\/Esad-2-1024x482.jpg 1024w\" sizes=\"auto, (max-width: 300px) 100vw, 300px\" \/><\/a>Cumhurba\u015fkan\u0131, Suriye\u2019de ya\u015fananlardan ve m\u00fcltecilerin durumundan ter\u00f6re destek veren Avrupa \u00fclkelerini sorumlu tutarak Avrupa\u2019n\u0131n ter\u00f6r\u00fc ve \u0131l\u0131ml\u0131 muhalif olarak adland\u0131rd\u0131\u011f\u0131 ter\u00f6ristleri desteklemeye devam etti\u011fine dikkat \u00e7ekti.<\/p>\n<p>Bat\u0131 medyas\u0131n\u0131n Suriye\u2019deki sorunun tek bir \u015fah\u0131stan, \u00fclkeyi y\u00f6neten \u015fah\u0131stan kaynakland\u0131\u011f\u0131 alg\u0131s\u0131n\u0131 yaratmaya \u00e7al\u0131\u015ft\u0131\u011f\u0131na i\u015faret eden el Esad, \u201c sorun iddia ettikleri gibi bir tek \u015fah\u0131stan kaynaklan\u0131yorsa e\u011fer bu \u015fah\u0131s t\u00fcm vatandan daha \u00f6nemli de\u011fildir. Dolay\u0131s\u0131yla bu \u015fah\u0131s gider ve i\u015fler yoluna girer. Fakat bu y\u00f6ntem bat\u0131n\u0131n kulland\u0131\u011f\u0131 i\u015fleri basitle\u015ftirme y\u00f6ntemidir. Anlam\u0131 ise bu \u015fah\u0131s y\u00f6netimde kald\u0131\u011f\u0131 m\u00fcddet\u00e7e ter\u00f6r\u00fc desteklemeye devam edece\u011fiz demektir.\u201d<\/p>\n<p>Bat\u0131n\u0131n ba\u011f\u0131ms\u0131z \u00fclkeleri kabullenemedi\u011fine ve onlarla i\u015fbirli\u011fi yapmak istemedi\u011fine de\u011finen el Esad, devlet ba\u015fkan\u0131n y\u00f6netimde kalmas\u0131na ya da gitmesine Amerika\u2019n\u0131n, g\u00fcvenlik konseyi ya da Cenevre konferans\u0131n\u0131n de\u011fil hakk\u0131n karar verece\u011fini vurgulad\u0131.<\/p>\n<p>Suriye\u2019de ya\u015fananlar\u0131n Amerika\u2019n\u0131n Irak\u2019\u0131 i\u015fgaliyle ba\u015flayan s\u00fcre\u00e7le do\u011frudan ba\u011flant\u0131s\u0131 oldu\u011funa de\u011finen el Esad, Suriye\u2019nin bir yandan mezhepsel temelde b\u00f6l\u00fcnm\u00fc\u015f Irak di\u011fer yandan L\u00fcbnan gibi mezhepsel a\u00e7\u0131dan b\u00f6l\u00fcnm\u00fc\u015f L\u00fcbnan\u2019\u0131n ortas\u0131nda kald\u0131\u011f\u0131n\u0131 dolay\u0131s\u0131yla Suriye\u2019nin bundan etkilenmesi ve sava\u015f\u0131n bir b\u00f6l\u00fcm\u00fcn\u00fcn Suriye\u2019ye intikal etmesinin ka\u00e7\u0131n\u0131lmaz oldu\u011funu ifade etti.<\/p>\n<p>Esad s\u00f6zlerine \u015f\u00f6yle devam etti: \u201cbat\u0131n\u0131n 80\u2019li y\u0131llarda Afganistan\u2019da ter\u00f6r\u00fc resmi olarak \u00f6zg\u00fcrl\u00fck sava\u015f\u00e7\u0131lar\u0131 ad\u0131 alt\u0131nda sahiplenmesi k\u0131r\u0131lma noktas\u0131yd\u0131. Daha sonra 2006 y\u0131l\u0131nda Amerika\u2019n\u0131n denetimi alt\u0131nda Irak\u2019ta \u0130\u015e\u0130D ortaya \u00e7\u0131kt\u0131 ve ona kar\u015f\u0131 sava\u015fmad\u0131lar. T\u00fcm bu geli\u015fmeler birbiriyle ba\u011flant\u0131l\u0131 olarak bat\u0131n\u0131n deste\u011fi, Katar ve Suudi Arabistan ba\u015fta olmak \u00fczere k\u00f6rfez \u00fclkelerinin finansman\u0131 ve T\u00fcrkiye\u2019nin lojistik deste\u011fiyle bu t\u00fcr huzursuzluklar\u0131n ko\u015fullar\u0131n\u0131 yaratt\u0131.\u201d<\/p>\n<p>Erdo\u011fan\u2019\u0131n ideolojik olarak M\u00fcsl\u00fcman Karde\u015flere mensup oldu\u011funa dikkat \u00e7eken el Esad, Suriye\u2019de, M\u0131s\u0131r\u2019da ve Irak\u2019ta durumlar\u0131n de\u011fi\u015fmesiyle Atlantik\u2019ten Akdeniz\u2019e uzanan ve kendisinin y\u00f6netece\u011fi yeni bir saltanat fakat Osmanl\u0131 Saltanat\u0131 de\u011fil M\u00fcsl\u00fcman Karde\u015fler Saltanat\u0131 kurabilece\u011fi kan\u0131s\u0131nda oldu\u011funu s\u00f6yledi.<\/p>\n<p>https:\/\/www.youtube.com\/watch?v=Q0sjXVFchqU<\/p>\n<p>S.K. &#8211; R.H. &#8211; M.M.<\/p>\n","protected":false},"excerpt":{"rendered":"<p>\u015eAM \u2013 Cumhurba\u015fkan\u0131 Be\u015f\u015far el Esad Suriye&#8217;nin gelece\u011fi konusunda toplu bir uzla\u015fmaya varmak i\u00e7in ter\u00f6rle m\u00fccadeleye e\u015f zamanl\u0131 olarak siyasi \u00e7\u00f6z\u00fcm y\u00f6n\u00fcnde diyalogun s\u00fcrd\u00fcr\u00fclmesi gere\u011fini vurgulad\u0131. El Esad Rus RT, Rossiyskaya Gazetesi, Channel 1, Russia 24, RIA Novosti ve NTV televizyonuna verdi\u011fi r\u00f6portajda t\u00fcm g\u00fc\u00e7leri ter\u00f6re kar\u015f\u0131 sava\u015fta birle\u015fmeye \u00e7a\u011f\u0131r\u0131rken; Suriyeliler olarak istenilen siyasi hedeflere &hellip;<\/p>\n","protected":false},"author":1,"featured_media":46996,"comment_status":"closed","ping_status":"closed","sticky":false,"template":"","format":"standard","meta":{"footnotes":""},"categories":[479,611,605,2554,2555,478],"tags":[],"class_list":["post-46995","post","type-post","status-publish","format-standard","has-post-thumbnail","","category-haberler-yerel","category-roportaj","category-sayin-cumhurbaskani","category-suriye-ve-dunya","category-suriye-ve-turkiye","category-yerel"],"_links":{"self":[{"href":"https:\/\/archive.sana.sy\/tr\/index.php?rest_route=\/wp\/v2\/posts\/46995","targetHints":{"allow":["GET"]}}],"collection":[{"href":"https:\/\/archive.sana.sy\/tr\/index.php?rest_route=\/wp\/v2\/posts"}],"about":[{"href":"https:\/\/archive.sana.sy\/tr\/index.php?rest_route=\/wp\/v2\/types\/post"}],"author":[{"embeddable":true,"href":"https:\/\/archive.sana.sy\/tr\/index.php?rest_route=\/wp\/v2\/users\/1"}],"replies":[{"embeddable":true,"href":"https:\/\/archive.sana.sy\/tr\/index.php?rest_route=%2Fwp%2Fv2%2Fcomments&post=46995"}],"version-history":[{"count":0,"href":"https:\/\/archive.sana.sy\/tr\/index.php?rest_route=\/wp\/v2\/posts\/46995\/revisions"}],"wp:featuredmedia":[{"embeddable":true,"href":"https:\/\/archive.sana.sy\/tr\/index.php?rest_route=\/wp\/v2\/media\/46996"}],"wp:attachment":[{"href":"https:\/\/archive.sana.sy\/tr\/index.php?rest_route=%2Fwp%2Fv2%2Fmedia&parent=46995"}],"wp:term":[{"taxonomy":"category","embeddable":true,"href":"https:\/\/archive.sana.sy\/tr\/index.php?rest_route=%2Fwp%2Fv2%2Fcategories&post=46995"},{"taxonomy":"post_tag","embeddable":true,"href":"https:\/\/archive.sana.sy\/tr\/index.php?rest_route=%2Fwp%2Fv2%2Ftags&post=46995"}],"curies":[{"name":"wp","href":"https:\/\/api.w.org\/{rel}","templated":true}]}}