{"id":4700,"date":"2014-07-06T16:00:54","date_gmt":"2014-07-06T13:00:54","guid":{"rendered":"http:\/\/www.sana.sy\/tr\/?p=4700"},"modified":"2014-07-07T13:20:34","modified_gmt":"2014-07-07T10:20:34","slug":"cocuk-asilarinin-temini-ve-tum-bolgelere-ulasiminda-unicef-ile-isbirligi","status":"publish","type":"post","link":"https:\/\/archive.sana.sy\/tr\/?p=4700","title":{"rendered":"\u00c7ocuk A\u015f\u0131lar\u0131n\u0131n Temini ve T\u00fcm B\u00f6lgelere Ula\u015f\u0131m\u0131nda UNICEF ile \u0130\u015fbirli\u011fi"},"content":{"rendered":"<p>\u015eAM \u2013 Sa\u011fl\u0131k Bakan\u0131 Saad el Nayif bug\u00fcn Birle\u015fmi\u015f Milletler \u00c7ocuk Esirgeme Fonu UNICEF\u2019in \u015eam\u2019daki Daimi Temsilcisi Yusuf Abd\u00fclcelil ile \u00e7ocuk a\u015f\u0131lar\u0131n\u0131n temini ve bu a\u015f\u0131lar\u0131n Suriye&#8217;de istisnas\u0131z t\u00fcm b\u00f6lgelerde bulunan t\u00fcm \u00e7ocuklara ula\u015ft\u0131r\u0131lmas\u0131nda iki taraf aras\u0131ndaki i\u015fbirli\u011fini peki\u015ftirme olanaklar\u0131n\u0131 masaya yat\u0131rd\u0131.<\/p>\n<p>G\u00f6r\u00fc\u015fmede Bakan Nayif; Bakanl\u0131\u011f\u0131n rutin a\u015f\u0131 program\u0131na e\u015f zamanl\u0131 olarak ger\u00e7ekle\u015ftirdi\u011fi a\u015f\u0131 kampanyas\u0131nda geni\u015f b\u00f6lgelere ula\u015farak kayda de\u011fer bir ba\u015far\u0131 sa\u011flad\u0131\u011f\u0131na i\u015faret ederken bu ba\u015far\u0131n\u0131n sa\u011fl\u0131k \u00e7al\u0131\u015fanlar\u0131n\u0131n y\u00fcksek duyarl\u0131l\u0131klar\u0131yla birlikte sivil toplum \u00f6rg\u00fctleri ve ilgili uluslararas\u0131 \u00f6rg\u00fctlerin i\u015fbirli\u011fi sayesinde oldu\u011funa dikkat \u00e7ekti.<\/p>\n<p>Nayif bu ba\u011flamda a\u015f\u0131lar\u0131n uygun bir \u015fekilde ta\u015f\u0131nmas\u0131nda gerekli ara\u00e7lar\u0131n temini talebinde bulunurken, a\u015f\u0131 kampanyalar\u0131n\u0131n \u00f6nemine \u0131\u015f\u0131k tutan faaliyetlerin d\u00fczenlenmesini istedi.<\/p>\n<p>UNICEF temsilcisi Abd\u00fclcelil; \u00f6rg\u00fct\u00fcn Suriye&#8217;de sa\u011fl\u0131k sekt\u00f6r\u00fcn\u00fc destekleme \u00f6zenini belirtirken, \u00f6zellikle \u00e7ocuk a\u015f\u0131lar\u0131n\u0131n temini ve ula\u015ft\u0131r\u0131lmas\u0131nda i\u015fbirli\u011fine haz\u0131r oldu\u011funu s\u00f6yledi.<\/p>\n<p>Abd\u00fclcelil \u00f6rg\u00fct\u00fcn, Sa\u011fl\u0131k Bakanl\u0131\u011f\u0131 ve D\u00fcnya Sa\u011fl\u0131k \u00d6rg\u00fct\u00fcn\u00fcn i\u015fbirli\u011fi sayesinde \u00fc\u00e7 milyondan fazla \u00e7ocu\u011fa \u00e7ocuk felci a\u015f\u0131s\u0131 temin etti\u011fine i\u015faret etti.<\/p>\n","protected":false},"excerpt":{"rendered":"<p>\u015eAM \u2013 Sa\u011fl\u0131k Bakan\u0131 Saad el Nayif bug\u00fcn Birle\u015fmi\u015f Milletler \u00c7ocuk Esirgeme Fonu UNICEF\u2019in \u015eam\u2019daki Daimi Temsilcisi Yusuf Abd\u00fclcelil ile \u00e7ocuk a\u015f\u0131lar\u0131n\u0131n temini ve bu a\u015f\u0131lar\u0131n Suriye&#8217;de istisnas\u0131z t\u00fcm b\u00f6lgelerde bulunan t\u00fcm \u00e7ocuklara ula\u015ft\u0131r\u0131lmas\u0131nda iki taraf aras\u0131ndaki i\u015fbirli\u011fini peki\u015ftirme olanaklar\u0131n\u0131 masaya yat\u0131rd\u0131. G\u00f6r\u00fc\u015fmede Bakan Nayif; Bakanl\u0131\u011f\u0131n rutin a\u015f\u0131 program\u0131na e\u015f zamanl\u0131 olarak ger\u00e7ekle\u015ftirdi\u011fi a\u015f\u0131 kampanyas\u0131nda &hellip;<\/p>\n","protected":false},"author":1,"featured_media":4701,"comment_status":"closed","ping_status":"closed","sticky":false,"template":"","format":"standard","meta":{"footnotes":""},"categories":[1],"tags":[1021],"class_list":["post-4700","post","type-post","status-publish","format-standard","has-post-thumbnail","","category-news-not-sorted","tag-cocuk-asilarinin-temini-ve-tum-bolgelere-ulasiminda-unicef-ile-isbirligi"],"_links":{"self":[{"href":"https:\/\/archive.sana.sy\/tr\/index.php?rest_route=\/wp\/v2\/posts\/4700","targetHints":{"allow":["GET"]}}],"collection":[{"href":"https:\/\/archive.sana.sy\/tr\/index.php?rest_route=\/wp\/v2\/posts"}],"about":[{"href":"https:\/\/archive.sana.sy\/tr\/index.php?rest_route=\/wp\/v2\/types\/post"}],"author":[{"embeddable":true,"href":"https:\/\/archive.sana.sy\/tr\/index.php?rest_route=\/wp\/v2\/users\/1"}],"replies":[{"embeddable":true,"href":"https:\/\/archive.sana.sy\/tr\/index.php?rest_route=%2Fwp%2Fv2%2Fcomments&post=4700"}],"version-history":[{"count":0,"href":"https:\/\/archive.sana.sy\/tr\/index.php?rest_route=\/wp\/v2\/posts\/4700\/revisions"}],"wp:featuredmedia":[{"embeddable":true,"href":"https:\/\/archive.sana.sy\/tr\/index.php?rest_route=\/wp\/v2\/media\/4701"}],"wp:attachment":[{"href":"https:\/\/archive.sana.sy\/tr\/index.php?rest_route=%2Fwp%2Fv2%2Fmedia&parent=4700"}],"wp:term":[{"taxonomy":"category","embeddable":true,"href":"https:\/\/archive.sana.sy\/tr\/index.php?rest_route=%2Fwp%2Fv2%2Fcategories&post=4700"},{"taxonomy":"post_tag","embeddable":true,"href":"https:\/\/archive.sana.sy\/tr\/index.php?rest_route=%2Fwp%2Fv2%2Ftags&post=4700"}],"curies":[{"name":"wp","href":"https:\/\/api.w.org\/{rel}","templated":true}]}}