{"id":47027,"date":"2015-09-16T14:39:23","date_gmt":"2015-09-16T11:39:23","guid":{"rendered":"http:\/\/sana.sy\/tr\/?p=47027"},"modified":"2015-09-16T14:39:23","modified_gmt":"2015-09-16T11:39:23","slug":"disisleri-ve-gurbetciler-bakanligi-erdogan-rejiminin-destekledigi-teror-orgutlerin-halepte-sivil-yerlesim-alanlarini-roket-ve-fuzelerle-hedef-almalari-ve-onlarca-masum-sivilin-sehit-ve-yaral","status":"publish","type":"post","link":"https:\/\/archive.sana.sy\/tr\/?p=47027","title":{"rendered":"D\u0131\u015fi\u015fleri ve Gurbet\u00e7iler Bakanl\u0131\u011f\u0131; Erdo\u011fan rejiminin destekledi\u011fi ter\u00f6r \u00f6rg\u00fctlerin Halep\u2019te sivil yerle\u015fim alanlar\u0131n\u0131 roket ve f\u00fczelerle hedef almalar\u0131 ve onlarca masum sivilin \u015fehit ve yaral\u0131 d\u00fc\u015fmelerine yol a\u00e7t\u0131klar\u0131 vah\u015fi sald\u0131r\u0131lar konusunda Birle\u015fmi\u015f Milletler genel sekreteri ve G\u00fcvenlik Konseyi ba\u015fkan\u0131na e\u015f iki resmi mektup g\u00f6nderdi"},"content":{"rendered":"<p>D\u0131\u015fi\u015fleri ve Gurbet\u00e7iler Bakanl\u0131\u011f\u0131; Erdo\u011fan rejiminin destekledi\u011fi ter\u00f6r \u00f6rg\u00fctlerin Halep\u2019te sivil yerle\u015fim alanlar\u0131n\u0131 roket ve f\u00fczelerle hedef almalar\u0131 ve onlarca masum sivilin \u015fehit ve yaral\u0131 d\u00fc\u015fmelerine yol a\u00e7t\u0131klar\u0131 vah\u015fi sald\u0131r\u0131lar konusunda Birle\u015fmi\u015f Milletler genel sekreteri ve G\u00fcvenlik Konseyi ba\u015fkan\u0131na e\u015f iki resmi mektup g\u00f6nderdi<\/p>\n","protected":false},"excerpt":{"rendered":"<p>D\u0131\u015fi\u015fleri ve Gurbet\u00e7iler Bakanl\u0131\u011f\u0131; Erdo\u011fan rejiminin destekledi\u011fi ter\u00f6r \u00f6rg\u00fctlerin Halep\u2019te sivil yerle\u015fim alanlar\u0131n\u0131 roket ve f\u00fczelerle hedef almalar\u0131 ve onlarca masum sivilin \u015fehit ve yaral\u0131 d\u00fc\u015fmelerine yol a\u00e7t\u0131klar\u0131 vah\u015fi sald\u0131r\u0131lar konusunda Birle\u015fmi\u015f Milletler genel sekreteri ve G\u00fcvenlik Konseyi ba\u015fkan\u0131na e\u015f iki resmi mektup g\u00f6nderdi<\/p>\n","protected":false},"author":1,"featured_media":0,"comment_status":"closed","ping_status":"closed","sticky":false,"template":"","format":"standard","meta":{"footnotes":""},"categories":[1],"tags":[],"class_list":["post-47027","post","type-post","status-publish","format-standard","","category-news-not-sorted"],"_links":{"self":[{"href":"https:\/\/archive.sana.sy\/tr\/index.php?rest_route=\/wp\/v2\/posts\/47027","targetHints":{"allow":["GET"]}}],"collection":[{"href":"https:\/\/archive.sana.sy\/tr\/index.php?rest_route=\/wp\/v2\/posts"}],"about":[{"href":"https:\/\/archive.sana.sy\/tr\/index.php?rest_route=\/wp\/v2\/types\/post"}],"author":[{"embeddable":true,"href":"https:\/\/archive.sana.sy\/tr\/index.php?rest_route=\/wp\/v2\/users\/1"}],"replies":[{"embeddable":true,"href":"https:\/\/archive.sana.sy\/tr\/index.php?rest_route=%2Fwp%2Fv2%2Fcomments&post=47027"}],"version-history":[{"count":0,"href":"https:\/\/archive.sana.sy\/tr\/index.php?rest_route=\/wp\/v2\/posts\/47027\/revisions"}],"wp:attachment":[{"href":"https:\/\/archive.sana.sy\/tr\/index.php?rest_route=%2Fwp%2Fv2%2Fmedia&parent=47027"}],"wp:term":[{"taxonomy":"category","embeddable":true,"href":"https:\/\/archive.sana.sy\/tr\/index.php?rest_route=%2Fwp%2Fv2%2Fcategories&post=47027"},{"taxonomy":"post_tag","embeddable":true,"href":"https:\/\/archive.sana.sy\/tr\/index.php?rest_route=%2Fwp%2Fv2%2Ftags&post=47027"}],"curies":[{"name":"wp","href":"https:\/\/api.w.org\/{rel}","templated":true}]}}