{"id":4703,"date":"2014-07-06T15:47:58","date_gmt":"2014-07-06T12:47:58","guid":{"rendered":"http:\/\/www.sana.sy\/tr\/?p=4703"},"modified":"2014-07-06T15:47:58","modified_gmt":"2014-07-06T12:47:58","slug":"en-yasli-yapisik-ikizler-62-yasina-girdiler","status":"publish","type":"post","link":"https:\/\/archive.sana.sy\/tr\/?p=4703","title":{"rendered":"En Ya\u015fl\u0131 Yap\u0131\u015f\u0131k \u0130kizler 62 Ya\u015f\u0131na Girdiler"},"content":{"rendered":"<p>WASH\u0130NGTON \u2013 D\u00fcnyan\u0131n en ya\u015fl\u0131 yap\u0131\u015f\u0131k ikizleri 62. Do\u011fum g\u00fcnlerini kutlayarak Guinness rekorlar kitab\u0131na giriyorlar.<\/p>\n<p>Daily Mail Gazetesinde yay\u0131nlanan haberde Roni ve Dani isimli ikizlerin kar\u0131ndan birbirine yap\u0131\u015f\u0131k olarak 1951 y\u0131l\u0131nda ABD\u2019nin Ohio eyaletinde d\u00fcnyaya geldiklerini ve ilk iki y\u0131llar\u0131n\u0131 hastanede ge\u00e7irdiklerini aktard\u0131.<\/p>\n<p>Hastanede iki y\u0131l boyunca yap\u0131lan incelemelerde ikizlerin ikisinin de hayatta kalacaklar\u0131 \u015fekilde birbirinden ayr\u0131lmas\u0131 i\u00e7in bir y\u00f6ntem bulunamamas\u0131ndan sonra, babalar\u0131n\u0131n ald\u0131klar\u0131 kararla birbirlerine yap\u0131\u015f\u0131k \u015fekilde ya\u015famlar\u0131n\u0131 s\u00fcrd\u00fcrmeleri i\u00e7in hastaneden ayr\u0131ld\u0131klar\u0131 belirtildi.<\/p>\n","protected":false},"excerpt":{"rendered":"<p>WASH\u0130NGTON \u2013 D\u00fcnyan\u0131n en ya\u015fl\u0131 yap\u0131\u015f\u0131k ikizleri 62. Do\u011fum g\u00fcnlerini kutlayarak Guinness rekorlar kitab\u0131na giriyorlar. Daily Mail Gazetesinde yay\u0131nlanan haberde Roni ve Dani isimli ikizlerin kar\u0131ndan birbirine yap\u0131\u015f\u0131k olarak 1951 y\u0131l\u0131nda ABD\u2019nin Ohio eyaletinde d\u00fcnyaya geldiklerini ve ilk iki y\u0131llar\u0131n\u0131 hastanede ge\u00e7irdiklerini aktard\u0131. Hastanede iki y\u0131l boyunca yap\u0131lan incelemelerde ikizlerin ikisinin de hayatta kalacaklar\u0131 \u015fekilde &hellip;<\/p>\n","protected":false},"author":1,"featured_media":4704,"comment_status":"closed","ping_status":"closed","sticky":false,"template":"","format":"standard","meta":{"footnotes":""},"categories":[538],"tags":[1022],"class_list":["post-4703","post","type-post","status-publish","format-standard","has-post-thumbnail","","category-yasam","tag-en-yasli-yapisik-ikizler-62-yasina-girdiler"],"_links":{"self":[{"href":"https:\/\/archive.sana.sy\/tr\/index.php?rest_route=\/wp\/v2\/posts\/4703","targetHints":{"allow":["GET"]}}],"collection":[{"href":"https:\/\/archive.sana.sy\/tr\/index.php?rest_route=\/wp\/v2\/posts"}],"about":[{"href":"https:\/\/archive.sana.sy\/tr\/index.php?rest_route=\/wp\/v2\/types\/post"}],"author":[{"embeddable":true,"href":"https:\/\/archive.sana.sy\/tr\/index.php?rest_route=\/wp\/v2\/users\/1"}],"replies":[{"embeddable":true,"href":"https:\/\/archive.sana.sy\/tr\/index.php?rest_route=%2Fwp%2Fv2%2Fcomments&post=4703"}],"version-history":[{"count":0,"href":"https:\/\/archive.sana.sy\/tr\/index.php?rest_route=\/wp\/v2\/posts\/4703\/revisions"}],"wp:featuredmedia":[{"embeddable":true,"href":"https:\/\/archive.sana.sy\/tr\/index.php?rest_route=\/wp\/v2\/media\/4704"}],"wp:attachment":[{"href":"https:\/\/archive.sana.sy\/tr\/index.php?rest_route=%2Fwp%2Fv2%2Fmedia&parent=4703"}],"wp:term":[{"taxonomy":"category","embeddable":true,"href":"https:\/\/archive.sana.sy\/tr\/index.php?rest_route=%2Fwp%2Fv2%2Fcategories&post=4703"},{"taxonomy":"post_tag","embeddable":true,"href":"https:\/\/archive.sana.sy\/tr\/index.php?rest_route=%2Fwp%2Fv2%2Ftags&post=4703"}],"curies":[{"name":"wp","href":"https:\/\/api.w.org\/{rel}","templated":true}]}}