{"id":47056,"date":"2015-09-16T16:02:36","date_gmt":"2015-09-16T13:02:36","guid":{"rendered":"http:\/\/sana.sy\/tr\/?p=47056"},"modified":"2015-09-16T16:02:36","modified_gmt":"2015-09-16T13:02:36","slug":"erdogan-cetelerinin-vahsetlerini-bm-ve-guvenlik-konseyine-aktardi","status":"publish","type":"post","link":"https:\/\/archive.sana.sy\/tr\/?p=47056","title":{"rendered":"Erdo\u011fan \u00c7etelerinin Vah\u015fetlerini BM ve G\u00fcvenlik Konseyine Aktard\u0131"},"content":{"rendered":"<p>\u015eAM \u2013 D\u0131\u015fi\u015fleri ve Gurbet\u00e7iler Bakanl\u0131\u011f\u0131; Erdo\u011fan rejiminin destekledi\u011fi ter\u00f6r \u00f6rg\u00fctlerin Halep\u2019te sivil yerle\u015fim alanlar\u0131n\u0131 roket ve f\u00fczelerle hedef almalar\u0131 ve onlarca masum sivilin \u015fehit ve yaral\u0131 d\u00fc\u015fmelerine yol a\u00e7t\u0131klar\u0131 vah\u015fi sald\u0131r\u0131lar konusunda Birle\u015fmi\u015f Milletler genel sekreteri ve G\u00fcvenlik Konseyi ba\u015fkan\u0131na e\u015f iki resmi mektup g\u00f6nderdi.<\/p>\n<p>Halep kentinin 15 Eyl\u00fcl Sal\u0131 g\u00fcn\u00fc \u0130slam\u2019\u0131 iddia eden Erdo\u011fan ve rejiminin yan\u0131 s\u0131ra Vahhabi Suudi rejiminin destekledikleri muhtelif adland\u0131rmalar alt\u0131ndaki ter\u00f6ristlerin roket ve f\u00fczeleri alt\u0131nda olduk\u00e7a kanl\u0131 bir g\u00fcne tan\u0131k oldu\u011funu belirten Bakanl\u0131k; ter\u00f6ristlerin bu sald\u0131r\u0131lar\u0131nda okul ve \u00e7ocuklar\u0131 bile istisna tutmad\u0131klar\u0131na vurgu yapt\u0131. Bakanl\u0131k okullar\u0131nda, i\u015fyerlerinde, evlerinde ve caddelerinde hain ve korkak\u00e7a hedef al\u0131nan vatanda\u015flara y\u00f6nelik sald\u0131r\u0131larda aralar\u0131nda 13 \u00e7ocuk ve 3 kad\u0131n\u0131n bulundu\u011fu 31 ki\u015finin \u015fehit, geneli \u00e7ocuk, kad\u0131n ve ya\u015fl\u0131lardan olu\u015fan 135 ki\u015finin de yaraland\u0131\u011f\u0131n\u0131 belirtti.<\/p>\n<p>Bu \u00e7etelerin d\u00f6rt y\u0131ld\u0131r Halep ahalisini a\u00e7 susuz b\u0131rakmakla yetinmeyip her f\u0131rsatta bu gibi vah\u015fetlerde bulunduklar\u0131na dikkat \u00e7eken Bakanl\u0131k; bu masum insanlar\u0131n karanl\u0131k ideolojileri, ter\u00f6r ve \u015fiddeti reddetmelerinden ba\u015fka hi\u00e7bir su\u00e7lar\u0131 bulunmad\u0131\u011f\u0131n\u0131 ifade etti.<\/p>\n<p>Resmi mektubunda bakanl\u0131k; BM ve G\u00fcvenlik Konseyinden ilgili kararlar\u0131 ve kanunlar\u0131 kapsam\u0131nda bu ter\u00f6r \u00f6rg\u00fctleri destekleyen devletlerin desteklerini kesmelerine zorlanmalar\u0131na, ter\u00f6re kar\u015f\u0131 \u00e7ifte standartl\u0131 tutumlardan uzak etkin ve ciddi icraatlar al\u0131nmas\u0131n\u0131 bir kez daha talep etti.<\/p>\n","protected":false},"excerpt":{"rendered":"<p>\u015eAM \u2013 D\u0131\u015fi\u015fleri ve Gurbet\u00e7iler Bakanl\u0131\u011f\u0131; Erdo\u011fan rejiminin destekledi\u011fi ter\u00f6r \u00f6rg\u00fctlerin Halep\u2019te sivil yerle\u015fim alanlar\u0131n\u0131 roket ve f\u00fczelerle hedef almalar\u0131 ve onlarca masum sivilin \u015fehit ve yaral\u0131 d\u00fc\u015fmelerine yol a\u00e7t\u0131klar\u0131 vah\u015fi sald\u0131r\u0131lar konusunda Birle\u015fmi\u015f Milletler genel sekreteri ve G\u00fcvenlik Konseyi ba\u015fkan\u0131na e\u015f iki resmi mektup g\u00f6nderdi. Halep kentinin 15 Eyl\u00fcl Sal\u0131 g\u00fcn\u00fc \u0130slam\u2019\u0131 iddia eden &hellip;<\/p>\n","protected":false},"author":1,"featured_media":35220,"comment_status":"closed","ping_status":"closed","sticky":false,"template":"","format":"standard","meta":{"footnotes":""},"categories":[479,447,2554,2555,478],"tags":[16762],"class_list":["post-47056","post","type-post","status-publish","format-standard","has-post-thumbnail","","category-haberler-yerel","category-politika","category-suriye-ve-dunya","category-suriye-ve-turkiye","category-yerel","tag-erdogan-cetelerinin-vahsetlerini-bm-ve-guvenlik-konseyine-aktardi"],"_links":{"self":[{"href":"https:\/\/archive.sana.sy\/tr\/index.php?rest_route=\/wp\/v2\/posts\/47056","targetHints":{"allow":["GET"]}}],"collection":[{"href":"https:\/\/archive.sana.sy\/tr\/index.php?rest_route=\/wp\/v2\/posts"}],"about":[{"href":"https:\/\/archive.sana.sy\/tr\/index.php?rest_route=\/wp\/v2\/types\/post"}],"author":[{"embeddable":true,"href":"https:\/\/archive.sana.sy\/tr\/index.php?rest_route=\/wp\/v2\/users\/1"}],"replies":[{"embeddable":true,"href":"https:\/\/archive.sana.sy\/tr\/index.php?rest_route=%2Fwp%2Fv2%2Fcomments&post=47056"}],"version-history":[{"count":0,"href":"https:\/\/archive.sana.sy\/tr\/index.php?rest_route=\/wp\/v2\/posts\/47056\/revisions"}],"wp:featuredmedia":[{"embeddable":true,"href":"https:\/\/archive.sana.sy\/tr\/index.php?rest_route=\/wp\/v2\/media\/35220"}],"wp:attachment":[{"href":"https:\/\/archive.sana.sy\/tr\/index.php?rest_route=%2Fwp%2Fv2%2Fmedia&parent=47056"}],"wp:term":[{"taxonomy":"category","embeddable":true,"href":"https:\/\/archive.sana.sy\/tr\/index.php?rest_route=%2Fwp%2Fv2%2Fcategories&post=47056"},{"taxonomy":"post_tag","embeddable":true,"href":"https:\/\/archive.sana.sy\/tr\/index.php?rest_route=%2Fwp%2Fv2%2Ftags&post=47056"}],"curies":[{"name":"wp","href":"https:\/\/api.w.org\/{rel}","templated":true}]}}