{"id":4706,"date":"2014-07-06T15:56:25","date_gmt":"2014-07-06T12:56:25","guid":{"rendered":"http:\/\/www.sana.sy\/tr\/?p=4706"},"modified":"2014-07-06T15:56:25","modified_gmt":"2014-07-06T12:56:25","slug":"fransiz-isgaline-karsi-direnise-yon-verenler-kalaa-el-nehlatta-olumsuzlesti","status":"publish","type":"post","link":"https:\/\/archive.sana.sy\/tr\/?p=4706","title":{"rendered":"Frans\u0131z \u0130\u015fgaline Kar\u015f\u0131 Direni\u015fe Y\u00f6n Verenler Kalaa el Nehlat\u2019ta \u00d6l\u00fcms\u00fczle\u015fti"},"content":{"rendered":"<p>TARTUS \u2013 Kalaa el Nehlat, bu g\u00fcne kadar bilinen en g\u00fczel panoramalardan biri olarak geldi.<\/p>\n<p>Frans\u0131z i\u015fgaline kar\u015f\u0131 direni\u015fte kahramanl\u0131k yapm\u0131\u015f b\u00f6lge ahalisinin y\u00fczlerinin i\u015flendi\u011fi kabartmalar bu vatan topraklar\u0131nda zulme kar\u015f\u0131 verilen m\u00fccadele ve direni\u015flerin her zaman devam edece\u011finin bir kan\u0131t\u0131 oldu.<\/p>\n<p>Arap topraklar\u0131ndaki en b\u00fcy\u00fck sanat eserleri aras\u0131nda say\u0131lan panorama, \u015eeyh Bedir Kentine ba\u011fl\u0131 Bermane Nahiyesi giri\u015finde bu topraklarda zulme kar\u015f\u0131 sergilenen direni\u015flerin \u00f6l\u00fcms\u00fcz bir sembol\u00fc olarak varl\u0131\u011f\u0131n\u0131 s\u00fcrd\u00fcr\u00fcyor.<\/p>\n<p>B\u00f6lge sakinlerinde Samir Muhammed; Sanat\u00e7\u0131 Ala Muhammed\u2019in yarat\u0131c\u0131 d\u00fc\u015f\u00fcnceleri, h\u00fcnerli elleri ve sanat\u00e7\u0131 arkada\u015flar\u0131n\u0131n katk\u0131lar\u0131yla, b\u00fcy\u00fck kayal\u0131klar\u0131n \u00fcst\u00fcne Frans\u0131z i\u015fgaline kar\u015f\u0131 sergilenen destans\u0131 direni\u015fe y\u00f6n veren kahramanlar\u0131n y\u00fczlerini kaz\u0131yarak \u00f6l\u00fcms\u00fczle\u015ftirdiklerini ifade etti.<\/p>\n<p>B\u00f6lgede bug\u00fcne kadar anlat\u0131lan hik\u00e2yelerde ve efsanelerde isimleri an\u0131lan kahramanlar panorama ziyaret\u00e7ilerini tevazu ve sevecen bak\u0131\u015flarla kar\u015f\u0131lamaya devam ediyor.<\/p>\n<p><a href=\"http:\/\/www.sana.sy\/tr\/wp-content\/uploads\/2014\/07\/Turzim-2.jpg\"><img loading=\"lazy\" decoding=\"async\" class=\"aligncenter wp-image-4708 size-full\" src=\"http:\/\/www.sana.sy\/tr\/wp-content\/uploads\/2014\/07\/Turzim-2.jpg\" alt=\"Turzim 2\" width=\"620\" height=\"330\" srcset=\"https:\/\/archive.sana.sy\/tr\/wp-content\/uploads\/2014\/07\/Turzim-2.jpg 620w, https:\/\/archive.sana.sy\/tr\/wp-content\/uploads\/2014\/07\/Turzim-2-150x79.jpg 150w, https:\/\/archive.sana.sy\/tr\/wp-content\/uploads\/2014\/07\/Turzim-2-300x160.jpg 300w\" sizes=\"auto, (max-width: 620px) 100vw, 620px\" \/><\/a><\/p>\n","protected":false},"excerpt":{"rendered":"<p>TARTUS \u2013 Kalaa el Nehlat, bu g\u00fcne kadar bilinen en g\u00fczel panoramalardan biri olarak geldi. Frans\u0131z i\u015fgaline kar\u015f\u0131 direni\u015fte kahramanl\u0131k yapm\u0131\u015f b\u00f6lge ahalisinin y\u00fczlerinin i\u015flendi\u011fi kabartmalar bu vatan topraklar\u0131nda zulme kar\u015f\u0131 verilen m\u00fccadele ve direni\u015flerin her zaman devam edece\u011finin bir kan\u0131t\u0131 oldu. Arap topraklar\u0131ndaki en b\u00fcy\u00fck sanat eserleri aras\u0131nda say\u0131lan panorama, \u015eeyh Bedir Kentine ba\u011fl\u0131 &hellip;<\/p>\n","protected":false},"author":1,"featured_media":4707,"comment_status":"closed","ping_status":"closed","sticky":false,"template":"","format":"standard","meta":{"footnotes":""},"categories":[1],"tags":[1023],"class_list":["post-4706","post","type-post","status-publish","format-standard","has-post-thumbnail","","category-news-not-sorted","tag-fransiz-isgaline-karsi-direnise-yon-verenler-kalaa-el-nehlatta-olumsuzlesti"],"_links":{"self":[{"href":"https:\/\/archive.sana.sy\/tr\/index.php?rest_route=\/wp\/v2\/posts\/4706","targetHints":{"allow":["GET"]}}],"collection":[{"href":"https:\/\/archive.sana.sy\/tr\/index.php?rest_route=\/wp\/v2\/posts"}],"about":[{"href":"https:\/\/archive.sana.sy\/tr\/index.php?rest_route=\/wp\/v2\/types\/post"}],"author":[{"embeddable":true,"href":"https:\/\/archive.sana.sy\/tr\/index.php?rest_route=\/wp\/v2\/users\/1"}],"replies":[{"embeddable":true,"href":"https:\/\/archive.sana.sy\/tr\/index.php?rest_route=%2Fwp%2Fv2%2Fcomments&post=4706"}],"version-history":[{"count":0,"href":"https:\/\/archive.sana.sy\/tr\/index.php?rest_route=\/wp\/v2\/posts\/4706\/revisions"}],"wp:featuredmedia":[{"embeddable":true,"href":"https:\/\/archive.sana.sy\/tr\/index.php?rest_route=\/wp\/v2\/media\/4707"}],"wp:attachment":[{"href":"https:\/\/archive.sana.sy\/tr\/index.php?rest_route=%2Fwp%2Fv2%2Fmedia&parent=4706"}],"wp:term":[{"taxonomy":"category","embeddable":true,"href":"https:\/\/archive.sana.sy\/tr\/index.php?rest_route=%2Fwp%2Fv2%2Fcategories&post=4706"},{"taxonomy":"post_tag","embeddable":true,"href":"https:\/\/archive.sana.sy\/tr\/index.php?rest_route=%2Fwp%2Fv2%2Ftags&post=4706"}],"curies":[{"name":"wp","href":"https:\/\/api.w.org\/{rel}","templated":true}]}}