{"id":47060,"date":"2015-09-16T19:45:18","date_gmt":"2015-09-16T16:45:18","guid":{"rendered":"http:\/\/sana.sy\/tr\/?p=47060"},"modified":"2015-09-17T16:16:29","modified_gmt":"2015-09-17T13:16:29","slug":"ordu-birliklerimiz-terore-karsi-savasini-surduruyor-2","status":"publish","type":"post","link":"https:\/\/archive.sana.sy\/tr\/?p=47060","title":{"rendered":"Ordu Birliklerimiz Ter\u00f6re Kar\u015f\u0131 Sava\u015f\u0131n\u0131 S\u00fcrd\u00fcr\u00fcyor"},"content":{"rendered":"<p>\u0130LLER \u2013 Vatan koruyucular\u0131 ordu birliklerimiz bug\u00fcn yurdun muhtelif b\u00f6lgelerinde tekfirci ve hain ter\u00f6r gruplar\u0131na y\u00f6nelik operasyonlar\u0131n\u0131 ba\u015far\u0131yla s\u00fcrd\u00fcrd\u00fc.<\/p>\n<p><span style=\"color: #0000ff\">HALEP:<\/span><\/p>\n<p>SANA\u2019ya a\u00e7\u0131klama yapan bir kaynak; ordu birliklerimizin Halep Kentinin 10 km bat\u0131s\u0131na d\u00fc\u015fen Mansura K\u00f6y\u00fcne ilaveten Bilimsel Ara\u015ft\u0131rmalar Merkezi, Han el Asel ve Ra\u015fidin b\u00f6lgelerinde Erdo\u011fan rejiminin destek ve komutas\u0131 alt\u0131ndaki ter\u00f6ristlerin toplanma yerleri ve hareket eksenlerini hedef ald\u0131klar\u0131n\u0131 belirtti. Kaynak operasyonlarda z\u0131rhl\u0131 ara\u00e7 ve bir f\u00fcze bataryalar\u0131n\u0131n imha edilip \u00e7ok say\u0131da ter\u00f6risti \u00f6l\u00fc ve yaral\u0131 d\u00fc\u015f\u00fcrd\u00fcklerini ifade etti.<\/p>\n<p>Halep k\u0131rsal\u0131n\u0131n do\u011fusunda ise Havac\u0131l\u0131k Akademisini savunan askerlerimizin I\u015e\u0130D ter\u00f6r \u00f6rg\u00fct\u00fcne ait bir k\u0131sm\u0131 a\u011f\u0131r makineli silahlarla donat\u0131lm\u0131\u015f ara\u00e7lar\u0131n\u0131 imha ettiklerini aktaran kaynak; Hanas\u0131r Beldesi, Blat, Tel Niam, Tel Riyman ve Tel Amudi b\u00f6lgelerinde \u00e7ok say\u0131da ter\u00f6risti su\u00e7 edatlar\u0131yla birlikte imha etiklerini s\u00f6yledi.<\/p>\n<p>Kaynak; Halep k\u0131rsal\u0131n\u0131n g\u00fcneyi Ibtin ve Vadiyha k\u00f6ylerinde ter\u00f6r \u00f6rg\u00fctlerinin yuva ve k\u00fcmelenme yerlerini hedef alan ordu birliklerimizin yine bir\u00e7ok ter\u00f6risti \u00f6l\u00fc ve yaral\u0131 d\u00fc\u015f\u00fcr\u00fcp havzalar\u0131ndaki silah ve m\u00fchimmatlar\u0131 da imha ettiklerine dikkat \u00e7ekti.<\/p>\n<p>Halep Kentinin ise askeri kaynak; Selahattin, Beni Zeyd, Meysir, Zebdiye ve Ramuse semtlerinde Erdo\u011fan rejiminin destekledi\u011fi ve Suudi rejiminin de finanse etti\u011fi Kaide \u00d6rg\u00fct\u00fcn\u00fcn Suriye kolu Nusra Cephesinin siper ve karargahlar\u0131na y\u00f6nelik nitelikli operasyonlar\u0131n s\u00fcrd\u00fcr\u00fcld\u00fc\u011f\u00fcn\u00fc belirtti. Kaynak sivil b\u00f6lgeleri top ve f\u00fczelerle hedef alan bu \u00e7etelerden \u00e7ok say\u0131da ter\u00f6ristin \u00f6l\u00fc ve yaral\u0131 d\u00fc\u015f\u00fcr\u00fcld\u00fc\u011f\u00fcn\u00fc ara\u00e7, silah ve m\u00fchimmatlar\u0131n\u0131n da yok edildi\u011fini aktard\u0131.<\/p>\n<p>Bu arada ter\u00f6r \u00e7eteleri medya ara\u00e7lar\u0131nda Nusra Cephesinde \u2018Ebu Muhammed Sakkur\u2019 kod ad\u0131yla bilenen bir ter\u00f6r eleba\u015f\u0131na ek olarak Abd\u00fclhannan Allavi adl\u0131 bir ter\u00f6r eleba\u015f\u0131n\u0131n aralar\u0131nda bulundu\u011fu onlarca ter\u00f6ristin \u00f6ld\u00fcr\u00fcld\u00fc\u011f\u00fcn\u00fc itiraf etti.<\/p>\n<p><span style=\"color: #0000ff\">DERA:<\/span><\/p>\n<p>\u00d6te yandan askeri kaynak; ordu birliklerimizin Dera Beled\u2019in muhtelif b\u00f6lgelerinde \u00dcrd\u00fcn s\u0131n\u0131rlar\u0131ndan gelen destek hatlar\u0131 ve hareket eksenlerini hedef alarak ter\u00f6rist ve cephaneyle y\u00fckl\u00fc bir Pikap arac\u0131 tamam\u0131yla imha ettiklerine i\u015faret etti.<\/p>\n<p>Yan\u0131 s\u0131ra ter\u00f6ristler medya ara\u00e7lar\u0131nda \u2018\u00d6SO\u2019 adl\u0131 vatan haini ter\u00f6r \u00e7etelerinin az\u0131l\u0131 komutanlar\u0131ndan Yaser Abd\u00fcrrahman el Halaf\u2019\u0131n \u00f6ld\u00fcr\u00fcld\u00fc\u011f\u00fcn\u00fc ikrar etti.<\/p>\n<div id='gallery-1' class='gallery galleryid-47060 gallery-columns-3 gallery-size-thumbnail'><figure class='gallery-item'>\n\t\t\t<div class='gallery-icon landscape'>\n\t\t\t\t<a href='https:\/\/archive.sana.sy\/tr\/wp-content\/uploads\/2015\/09\/DERADA-ordu.jpg'><img loading=\"lazy\" decoding=\"async\" width=\"150\" height=\"91\" src=\"https:\/\/archive.sana.sy\/tr\/wp-content\/uploads\/2015\/09\/DERADA-ordu-150x91.jpg\" class=\"attachment-thumbnail size-thumbnail\" alt=\"\" srcset=\"https:\/\/archive.sana.sy\/tr\/wp-content\/uploads\/2015\/09\/DERADA-ordu-150x91.jpg 150w, https:\/\/archive.sana.sy\/tr\/wp-content\/uploads\/2015\/09\/DERADA-ordu-300x181.jpg 300w, https:\/\/archive.sana.sy\/tr\/wp-content\/uploads\/2015\/09\/DERADA-ordu.jpg 716w\" sizes=\"auto, (max-width: 150px) 100vw, 150px\" \/><\/a>\n\t\t\t<\/div><\/figure><figure class='gallery-item'>\n\t\t\t<div class='gallery-icon landscape'>\n\t\t\t\t<a href='https:\/\/archive.sana.sy\/tr\/wp-content\/uploads\/2015\/09\/DERADA-ordu-1.jpg'><img loading=\"lazy\" decoding=\"async\" width=\"150\" height=\"113\" src=\"https:\/\/archive.sana.sy\/tr\/wp-content\/uploads\/2015\/09\/DERADA-ordu-1-150x113.jpg\" class=\"attachment-thumbnail size-thumbnail\" alt=\"\" srcset=\"https:\/\/archive.sana.sy\/tr\/wp-content\/uploads\/2015\/09\/DERADA-ordu-1-150x113.jpg 150w, https:\/\/archive.sana.sy\/tr\/wp-content\/uploads\/2015\/09\/DERADA-ordu-1-300x226.jpg 300w, https:\/\/archive.sana.sy\/tr\/wp-content\/uploads\/2015\/09\/DERADA-ordu-1.jpg 563w\" sizes=\"auto, (max-width: 150px) 100vw, 150px\" \/><\/a>\n\t\t\t<\/div><\/figure><figure class='gallery-item'>\n\t\t\t<div class='gallery-icon landscape'>\n\t\t\t\t<a href='https:\/\/archive.sana.sy\/tr\/wp-content\/uploads\/2015\/09\/DERADA-ordu-2.jpg'><img loading=\"lazy\" decoding=\"async\" width=\"150\" height=\"105\" src=\"https:\/\/archive.sana.sy\/tr\/wp-content\/uploads\/2015\/09\/DERADA-ordu-2-150x105.jpg\" class=\"attachment-thumbnail size-thumbnail\" alt=\"\" srcset=\"https:\/\/archive.sana.sy\/tr\/wp-content\/uploads\/2015\/09\/DERADA-ordu-2-150x105.jpg 150w, https:\/\/archive.sana.sy\/tr\/wp-content\/uploads\/2015\/09\/DERADA-ordu-2-300x210.jpg 300w, https:\/\/archive.sana.sy\/tr\/wp-content\/uploads\/2015\/09\/DERADA-ordu-2.jpg 622w\" sizes=\"auto, (max-width: 150px) 100vw, 150px\" \/><\/a>\n\t\t\t<\/div><\/figure><figure class='gallery-item'>\n\t\t\t<div class='gallery-icon landscape'>\n\t\t\t\t<a href='https:\/\/archive.sana.sy\/tr\/wp-content\/uploads\/2015\/09\/DERADA-ordu-3.jpg'><img loading=\"lazy\" decoding=\"async\" width=\"150\" height=\"91\" src=\"https:\/\/archive.sana.sy\/tr\/wp-content\/uploads\/2015\/09\/DERADA-ordu-3-150x91.jpg\" class=\"attachment-thumbnail size-thumbnail\" alt=\"\" srcset=\"https:\/\/archive.sana.sy\/tr\/wp-content\/uploads\/2015\/09\/DERADA-ordu-3-150x91.jpg 150w, https:\/\/archive.sana.sy\/tr\/wp-content\/uploads\/2015\/09\/DERADA-ordu-3-300x182.jpg 300w, https:\/\/archive.sana.sy\/tr\/wp-content\/uploads\/2015\/09\/DERADA-ordu-3.jpg 717w\" sizes=\"auto, (max-width: 150px) 100vw, 150px\" \/><\/a>\n\t\t\t<\/div><\/figure><figure class='gallery-item'>\n\t\t\t<div class='gallery-icon landscape'>\n\t\t\t\t<a href='https:\/\/archive.sana.sy\/tr\/wp-content\/uploads\/2015\/09\/DERADA-ordu-4.jpg'><img loading=\"lazy\" decoding=\"async\" width=\"150\" height=\"91\" src=\"https:\/\/archive.sana.sy\/tr\/wp-content\/uploads\/2015\/09\/DERADA-ordu-4-150x91.jpg\" class=\"attachment-thumbnail size-thumbnail\" alt=\"\" srcset=\"https:\/\/archive.sana.sy\/tr\/wp-content\/uploads\/2015\/09\/DERADA-ordu-4-150x91.jpg 150w, https:\/\/archive.sana.sy\/tr\/wp-content\/uploads\/2015\/09\/DERADA-ordu-4-300x183.jpg 300w, https:\/\/archive.sana.sy\/tr\/wp-content\/uploads\/2015\/09\/DERADA-ordu-4.jpg 718w\" sizes=\"auto, (max-width: 150px) 100vw, 150px\" \/><\/a>\n\t\t\t<\/div><\/figure><figure class='gallery-item'>\n\t\t\t<div class='gallery-icon landscape'>\n\t\t\t\t<a href='https:\/\/archive.sana.sy\/tr\/wp-content\/uploads\/2015\/09\/DERADA-ordu-5.jpg'><img loading=\"lazy\" decoding=\"async\" width=\"150\" height=\"100\" src=\"https:\/\/archive.sana.sy\/tr\/wp-content\/uploads\/2015\/09\/DERADA-ordu-5-150x100.jpg\" class=\"attachment-thumbnail size-thumbnail\" alt=\"\" srcset=\"https:\/\/archive.sana.sy\/tr\/wp-content\/uploads\/2015\/09\/DERADA-ordu-5-150x100.jpg 150w, https:\/\/archive.sana.sy\/tr\/wp-content\/uploads\/2015\/09\/DERADA-ordu-5-300x199.jpg 300w, https:\/\/archive.sana.sy\/tr\/wp-content\/uploads\/2015\/09\/DERADA-ordu-5.jpg 520w\" sizes=\"auto, (max-width: 150px) 100vw, 150px\" \/><\/a>\n\t\t\t<\/div><\/figure><figure class='gallery-item'>\n\t\t\t<div class='gallery-icon landscape'>\n\t\t\t\t<a href='https:\/\/archive.sana.sy\/tr\/wp-content\/uploads\/2015\/09\/DERADA-ordu-6.jpg'><img loading=\"lazy\" decoding=\"async\" width=\"150\" height=\"92\" src=\"https:\/\/archive.sana.sy\/tr\/wp-content\/uploads\/2015\/09\/DERADA-ordu-6-150x92.jpg\" class=\"attachment-thumbnail size-thumbnail\" alt=\"\" srcset=\"https:\/\/archive.sana.sy\/tr\/wp-content\/uploads\/2015\/09\/DERADA-ordu-6-150x92.jpg 150w, https:\/\/archive.sana.sy\/tr\/wp-content\/uploads\/2015\/09\/DERADA-ordu-6-300x184.jpg 300w, https:\/\/archive.sana.sy\/tr\/wp-content\/uploads\/2015\/09\/DERADA-ordu-6.jpg 717w\" sizes=\"auto, (max-width: 150px) 100vw, 150px\" \/><\/a>\n\t\t\t<\/div><\/figure><figure class='gallery-item'>\n\t\t\t<div class='gallery-icon landscape'>\n\t\t\t\t<a href='https:\/\/archive.sana.sy\/tr\/wp-content\/uploads\/2015\/09\/DERADA-ordu-8.jpg'><img loading=\"lazy\" decoding=\"async\" width=\"150\" height=\"91\" src=\"https:\/\/archive.sana.sy\/tr\/wp-content\/uploads\/2015\/09\/DERADA-ordu-8-150x91.jpg\" class=\"attachment-thumbnail size-thumbnail\" alt=\"\" srcset=\"https:\/\/archive.sana.sy\/tr\/wp-content\/uploads\/2015\/09\/DERADA-ordu-8-150x91.jpg 150w, https:\/\/archive.sana.sy\/tr\/wp-content\/uploads\/2015\/09\/DERADA-ordu-8-300x182.jpg 300w, https:\/\/archive.sana.sy\/tr\/wp-content\/uploads\/2015\/09\/DERADA-ordu-8.jpg 719w\" sizes=\"auto, (max-width: 150px) 100vw, 150px\" \/><\/a>\n\t\t\t<\/div><\/figure><figure class='gallery-item'>\n\t\t\t<div class='gallery-icon landscape'>\n\t\t\t\t<a href='https:\/\/archive.sana.sy\/tr\/wp-content\/uploads\/2015\/09\/DERADA-ordu-9.jpg'><img loading=\"lazy\" decoding=\"async\" width=\"150\" height=\"92\" src=\"https:\/\/archive.sana.sy\/tr\/wp-content\/uploads\/2015\/09\/DERADA-ordu-9-150x92.jpg\" class=\"attachment-thumbnail size-thumbnail\" alt=\"\" srcset=\"https:\/\/archive.sana.sy\/tr\/wp-content\/uploads\/2015\/09\/DERADA-ordu-9-150x92.jpg 150w, https:\/\/archive.sana.sy\/tr\/wp-content\/uploads\/2015\/09\/DERADA-ordu-9-300x185.jpg 300w, https:\/\/archive.sana.sy\/tr\/wp-content\/uploads\/2015\/09\/DERADA-ordu-9.jpg 713w\" sizes=\"auto, (max-width: 150px) 100vw, 150px\" \/><\/a>\n\t\t\t<\/div><\/figure>\n\t\t<\/div>\n\n<p><span style=\"color: #0000ff\">\u0130DL\u0130B:<\/span><\/p>\n<p>\u0130dlib k\u0131rsal\u0131nda ise katil Erdo\u011fan rejimine ba\u011fl\u0131 \u2018Fetih Ordusu\u2019na kar\u015f\u0131 askeri operasyonlar\u0131n\u0131 s\u00fcrd\u00fcren ordu birliklerimiz; Sifohin K\u00f6y\u00fcnde bir yuvay\u0131 muhtevalar\u0131yla birlikte imha etmelerine e\u015f zamanl\u0131 olarak Hama il idari s\u0131n\u0131rlar\u0131na yak\u0131n d\u00fc\u015fen Skik K\u00f6y\u00fcnde bir ter\u00f6r karargah\u0131n\u0131 hedef ald\u0131.<\/p>\n<p>Operasyonlarda aralar\u0131nda yabanc\u0131 ve az\u0131l\u0131 saha komutanlar\u0131n\u0131n bulundu\u011fu y\u00fcksek say\u0131da ter\u00f6ristin \u00f6l\u00fc ve yaral\u0131 d\u00fc\u015f\u00fcr\u00fcld\u00fcklerini belirten kaynak; ara\u00e7, silah ve m\u00fchimmatlar\u0131n\u0131n da imha edildi\u011fine dikkat \u00e7ekti.<\/p>\n<p>Bu arada hava g\u00fc\u00e7lerimizin \u0130dlib k\u0131rsal\u0131 Muarret el Numan, Zuayniye, Muratabliyon, Kefar Aveyd ve Kensafra b\u00f6lgelerinde ter\u00f6ristlerin yuva, siper ve hareket eksenlerini hedef ald\u0131klar\u0131n\u0131 aktaran kaynak; \u00e7ok say\u0131da ter\u00f6risti \u00f6ld\u00fcr\u00fcp a\u011f\u0131r makineli silahlarla donat\u0131lm\u0131\u015f ara\u00e7lar\u0131, silah ve cephanelerini imha ettiklerini s\u00f6yledi.<\/p>\n<p>Kaynak; hava g\u00fc\u00e7lerimizin \u0130dlib k\u0131rsal\u0131n\u0131n g\u00fcneydo\u011fusu Muardabse, Ebu Zuhur ve Serakib b\u00f6lgelerinde ter\u00f6ristlere ait toplanma yerleri ve mevkileri imha ederek buralarda da bir\u00e7ok ter\u00f6risti \u00f6l\u00fc ve yaral\u0131 d\u00fc\u015f\u00fcrd\u00fcklerini s\u00f6zlerine ekledi.<\/p>\n<p><span style=\"color: #0000ff\">HAMA:<\/span><\/p>\n<p>Hama k\u0131rsal\u0131nda ise yine Erdo\u011fan rejiminin farkl\u0131 \u00fclkelerden toplay\u0131p silahlarla donatt\u0131\u011f\u0131 \u2018Fetih Ordusu\u2019 \u00e7etelerine kar\u015f\u0131 operasyonlar\u0131n\u0131 s\u00fcrd\u00fcren ordu birliklerimiz; k\u0131rsal\u0131n kuzeyi Latamina Beldesinde bu \u00e7etelerin hareketlenmelerini hedef almalar\u0131 sonucunda a\u011f\u0131r makineli silahla donat\u0131lm\u0131\u015f bir arac\u0131 ta\u015f\u0131d\u0131\u011f\u0131 4 ter\u00f6ristle birlikte etkisizle\u015ftirdiklerini s\u00f6yledi.<\/p>\n<p>Hama k\u0131rsal\u0131 Hurbet el Nakus K\u00f6y\u00fcnde de ter\u00f6ristlerle \u015fiddetli \u00e7at\u0131\u015fmalara giren ordu birliklerimiz \u2018Osman \u0130sber\u2019 ve \u2018Omran Dervi\u015f\u2019 adl\u0131 tehlikeli ter\u00f6ristlerin aralar\u0131nda bulundu\u011fu bir\u00e7ok ter\u00f6risti \u00f6l\u00fc ve yaral\u0131 d\u00fc\u015f\u00fcrd\u00fc.<\/p>\n<p>G\u00fcn i\u00e7erisinde a\u00e7\u0131klama yapan bir kaynak; ordu birliklerimizin Hama k\u0131rsal\u0131 Tel Vasit B\u00f6lgesinde yine \u2018Fetih Ordusu\u2019na ait top rampalar\u0131n\u0131 imha ettiklerini s\u00f6yledi.<\/p>\n<p><span style=\"color: #0000ff\">\u015eAM KIRSALI:<\/span><\/p>\n<p>Bununla birlikte askeri bir kaynak SANA muhabirine a\u00e7\u0131klamas\u0131nda ordu birliklerimizin L\u00fcbnan direni\u015f g\u00fc\u00e7leriyle i\u015fbirli\u011fi i\u00e7inde \u015eam Kentinin 45 km kuzeybat\u0131s\u0131na d\u00fc\u015fen Zebadani Kentindeki Ayn el Hma, Meydani, Kubra ve el Adiyme semtleri ve sokaklar\u0131n\u0131 ter\u00f6ristlerden temizleyip kontrollerine ald\u0131klar\u0131n\u0131 ifade etti. Kaynak; bu operasyonlarda ter\u00f6ristlerin say\u0131 ve te\u00e7hizatlar\u0131yla olduk\u00e7a b\u00fcy\u00fck kay\u0131plara u\u011frat\u0131ld\u0131\u011f\u0131n\u0131 belirtirken, ordu birliklerimizin L\u00fcbnan derini\u015f g\u00fc\u00e7leriyle i\u015fbirli\u011fi i\u00e7inde Zebadani Kentinin merkezine ilerlemeyi s\u00fcrd\u00fcrd\u00fc\u011f\u00fcn\u00fc s\u00f6zlerine ekledi.<\/p>\n<p>G\u00fcn\u00fcn ilerleyen saatlerinde a\u00e7\u0131klama yapan bir kaynak; ordu birliklerimizin, ter\u00f6ristlerin Zebadani Kentinin merkezinden Zebadani Vadisine ka\u00e7ma giri\u015fimlerini \u00e7\u00f6kertip bir\u00e7o\u011funu \u00f6l\u00fc yaral\u0131 d\u00fc\u015f\u00fcrd\u00fcklerini s\u00f6yledi.<\/p>\n<p>Di\u011fer yandan kaynak; ordu birliklerimizin \u015eam k\u0131rsal\u0131 Do\u011fu \u011euta\u2019n\u0131n s\u0131n\u0131rlar\u0131na d\u00fc\u015fen Cebel el Makale B\u00f6lgesinde ter\u00f6ristlere ait birka\u00e7 arac\u0131 ve bir silah deposunu i\u00e7indekilerle birlikte imha ettiklerini belirtti.<\/p>\n<p>Di\u011fer yandan \u2018\u0130slam Ordusu\u2019 adl\u0131 ter\u00f6r \u00e7eteleri medya ara\u00e7lar\u0131nda \u015eam k\u0131rsal\u0131 Do\u011fu \u011euta\u2019da \u2018\u0130slam Ordusu genel komutan\u0131n\u0131n yard\u0131mc\u0131s\u0131\u2019 olarak adland\u0131rd\u0131klar\u0131 Mahmut el Acva\u2019na ek olarak \u2018\u0130slam Ordusu\u2019nun bir ba\u015fka az\u0131l\u0131 eleba\u015f\u0131 Abd\u00fcrrahman el \u015eami\u2019nin \u00f6ld\u00fcr\u00fcld\u00fc\u011f\u00fcn\u00fc itiraf etti.<\/p>\n<p>https:\/\/www.youtube.com\/watch?v=0FzgRSeHJ8M<\/p>\n<p><span style=\"color: #0000ff\">LAZK\u0130YE.<\/span><\/p>\n<p>Lazkiye k\u0131rsal\u0131nda ise Erdo\u011fan ve rejiminin destek ve komutas\u0131ndaki tekfirci ter\u00f6ristlere kar\u015f\u0131 operasyonlar\u0131nda ise ordu birliklerimiz; k\u0131rsal\u0131n kuzeyi Bucak Kalesinin \u00e7evresi ve Beyt \u015euruk K\u00f6y\u00fcnde ter\u00f6r \u00f6rg\u00fctlerin siper ve yuvalar\u0131na y\u00f6nelik operasyonlarda 15 ter\u00f6rist \u00f6l\u00fc, 22 ter\u00f6rist de yaral\u0131 d\u00fc\u015f\u00fcr\u00fcld\u00fc. Saha kaynaklar\u0131 ordu birliklerimizin ter\u00f6ristlere ait telsiz muhaberat istasyonunu imha ettiklerini bayan etti.<\/p>\n<p>Kaynak; Lazkiye Kentinin 48 kuzeydo\u011fusuna yak\u0131n d\u00fc\u015fen Bernas K\u00f6y\u00fc ve Selma Beldesinde ise hava g\u00fc\u00e7lerimizden destek alan ordu birliklerimizin ter\u00f6ristlerin saflar\u0131nda a\u011f\u0131r kay\u0131plara yol a\u00e7malar\u0131na e\u015f zamanl\u0131 olarak Deyr Hanna K\u00f6y\u00fcnde ter\u00f6ristlerin yuvalar\u0131n\u0131 muhtevalar\u0131yla birlikte imha ettiklerine dikkat \u00e7ekti.<\/p>\n<p>Kaynak; ordu birliklerimizin Lazkiye k\u0131rsal\u0131nda Hama il s\u0131n\u0131rlar\u0131na yak\u0131n d\u00fc\u015fen Cub el Ahmar K\u00f6y\u00fcn\u00fcn kuzeydo\u011fusunda ter\u00f6ristlerin mevkilerine y\u00f6nelik ba\u015far\u0131l\u0131 bir operasyonda \u00e7ok say\u0131da ter\u00f6risti te\u00e7hizatlar\u0131yla birlikte imha ettiklerini aktard\u0131.<\/p>\n<p>https:\/\/www.youtube.com\/watch?v=Vi3sDASbaOE<\/p>\n<p>M.M. &#8211; R.H.<\/p>\n","protected":false},"excerpt":{"rendered":"<p>\u0130LLER \u2013 Vatan koruyucular\u0131 ordu birliklerimiz bug\u00fcn yurdun muhtelif b\u00f6lgelerinde tekfirci ve hain ter\u00f6r gruplar\u0131na y\u00f6nelik operasyonlar\u0131n\u0131 ba\u015far\u0131yla s\u00fcrd\u00fcrd\u00fc. HALEP: SANA\u2019ya a\u00e7\u0131klama yapan bir kaynak; ordu birliklerimizin Halep Kentinin 10 km bat\u0131s\u0131na d\u00fc\u015fen Mansura K\u00f6y\u00fcne ilaveten Bilimsel Ara\u015ft\u0131rmalar Merkezi, Han el Asel ve Ra\u015fidin b\u00f6lgelerinde Erdo\u011fan rejiminin destek ve komutas\u0131 alt\u0131ndaki ter\u00f6ristlerin toplanma yerleri ve &hellip;<\/p>\n","protected":false},"author":1,"featured_media":47070,"comment_status":"closed","ping_status":"closed","sticky":false,"template":"","format":"standard","meta":{"footnotes":""},"categories":[596,575],"tags":[11317],"class_list":["post-47060","post","type-post","status-publish","format-standard","has-post-thumbnail","","category-fotografli-raporlar","category-olaylar-ve-gercekler","tag-ordu-birliklerimiz-terore-karsi-savasini-surduruyor"],"_links":{"self":[{"href":"https:\/\/archive.sana.sy\/tr\/index.php?rest_route=\/wp\/v2\/posts\/47060","targetHints":{"allow":["GET"]}}],"collection":[{"href":"https:\/\/archive.sana.sy\/tr\/index.php?rest_route=\/wp\/v2\/posts"}],"about":[{"href":"https:\/\/archive.sana.sy\/tr\/index.php?rest_route=\/wp\/v2\/types\/post"}],"author":[{"embeddable":true,"href":"https:\/\/archive.sana.sy\/tr\/index.php?rest_route=\/wp\/v2\/users\/1"}],"replies":[{"embeddable":true,"href":"https:\/\/archive.sana.sy\/tr\/index.php?rest_route=%2Fwp%2Fv2%2Fcomments&post=47060"}],"version-history":[{"count":0,"href":"https:\/\/archive.sana.sy\/tr\/index.php?rest_route=\/wp\/v2\/posts\/47060\/revisions"}],"wp:featuredmedia":[{"embeddable":true,"href":"https:\/\/archive.sana.sy\/tr\/index.php?rest_route=\/wp\/v2\/media\/47070"}],"wp:attachment":[{"href":"https:\/\/archive.sana.sy\/tr\/index.php?rest_route=%2Fwp%2Fv2%2Fmedia&parent=47060"}],"wp:term":[{"taxonomy":"category","embeddable":true,"href":"https:\/\/archive.sana.sy\/tr\/index.php?rest_route=%2Fwp%2Fv2%2Fcategories&post=47060"},{"taxonomy":"post_tag","embeddable":true,"href":"https:\/\/archive.sana.sy\/tr\/index.php?rest_route=%2Fwp%2Fv2%2Ftags&post=47060"}],"curies":[{"name":"wp","href":"https:\/\/api.w.org\/{rel}","templated":true}]}}