{"id":47107,"date":"2015-09-17T11:45:54","date_gmt":"2015-09-17T08:45:54","guid":{"rendered":"http:\/\/sana.sy\/tr\/?p=47107"},"modified":"2015-09-17T14:20:20","modified_gmt":"2015-09-17T11:20:20","slug":"lubnan-ulusal-direnis-gucleriyle-isbirligi-icinde-sam-kirsali-zebadani-kentindeki-operasyonlarini-surduren-ordu-birliklerimiz-nabuu-semtini-teroristlerden-temizleyerek-guvenlik-ve-kontrolu-ellerine-ge","status":"publish","type":"post","link":"https:\/\/archive.sana.sy\/tr\/?p=47107","title":{"rendered":"L\u00fcbnan ulusal direni\u015f g\u00fc\u00e7leriyle i\u015fbirli\u011fi i\u00e7inde \u015eam k\u0131rsal\u0131 Zebadani Kentindeki operasyonlar\u0131n\u0131 s\u00fcrd\u00fcren ordu birliklerimiz Nabuu Semtini ter\u00f6ristlerden temizleyerek g\u00fcvenlik ve kontrol\u00fc ellerine ge\u00e7irdi."},"content":{"rendered":"<p>L\u00fcbnan ulusal direni\u015f g\u00fc\u00e7leriyle i\u015fbirli\u011fi i\u00e7inde \u015eam k\u0131rsal\u0131 Zebadani Kentindeki operasyonlar\u0131n\u0131 s\u00fcrd\u00fcren ordu birliklerimiz Nabuu Semtini ter\u00f6ristlerden temizleyerek g\u00fcvenlik ve kontrol\u00fc ellerine ge\u00e7irdi.<\/p>\n","protected":false},"excerpt":{"rendered":"<p>L\u00fcbnan ulusal direni\u015f g\u00fc\u00e7leriyle i\u015fbirli\u011fi i\u00e7inde \u015eam k\u0131rsal\u0131 Zebadani Kentindeki operasyonlar\u0131n\u0131 s\u00fcrd\u00fcren ordu birliklerimiz Nabuu Semtini ter\u00f6ristlerden temizleyerek g\u00fcvenlik ve kontrol\u00fc ellerine ge\u00e7irdi.<\/p>\n","protected":false},"author":1,"featured_media":0,"comment_status":"closed","ping_status":"closed","sticky":false,"template":"","format":"standard","meta":{"footnotes":""},"categories":[1],"tags":[],"class_list":["post-47107","post","type-post","status-publish","format-standard","","category-news-not-sorted"],"_links":{"self":[{"href":"https:\/\/archive.sana.sy\/tr\/index.php?rest_route=\/wp\/v2\/posts\/47107","targetHints":{"allow":["GET"]}}],"collection":[{"href":"https:\/\/archive.sana.sy\/tr\/index.php?rest_route=\/wp\/v2\/posts"}],"about":[{"href":"https:\/\/archive.sana.sy\/tr\/index.php?rest_route=\/wp\/v2\/types\/post"}],"author":[{"embeddable":true,"href":"https:\/\/archive.sana.sy\/tr\/index.php?rest_route=\/wp\/v2\/users\/1"}],"replies":[{"embeddable":true,"href":"https:\/\/archive.sana.sy\/tr\/index.php?rest_route=%2Fwp%2Fv2%2Fcomments&post=47107"}],"version-history":[{"count":0,"href":"https:\/\/archive.sana.sy\/tr\/index.php?rest_route=\/wp\/v2\/posts\/47107\/revisions"}],"wp:attachment":[{"href":"https:\/\/archive.sana.sy\/tr\/index.php?rest_route=%2Fwp%2Fv2%2Fmedia&parent=47107"}],"wp:term":[{"taxonomy":"category","embeddable":true,"href":"https:\/\/archive.sana.sy\/tr\/index.php?rest_route=%2Fwp%2Fv2%2Fcategories&post=47107"},{"taxonomy":"post_tag","embeddable":true,"href":"https:\/\/archive.sana.sy\/tr\/index.php?rest_route=%2Fwp%2Fv2%2Ftags&post=47107"}],"curies":[{"name":"wp","href":"https:\/\/api.w.org\/{rel}","templated":true}]}}