{"id":47114,"date":"2015-09-17T12:22:38","date_gmt":"2015-09-17T09:22:38","guid":{"rendered":"http:\/\/sana.sy\/tr\/?p=47114"},"modified":"2015-09-17T14:22:56","modified_gmt":"2015-09-17T11:22:56","slug":"hama-ve-idlib-kirsallarinda-erdogan-rejiminin-toplama-tekfirci-ve-azili-katillerden-olusan-fetih-ordusu-cetelerine-karsi-operasyonlari-kapsaminda-hava-guclerimiz-bugun-friyke","status":"publish","type":"post","link":"https:\/\/archive.sana.sy\/tr\/?p=47114","title":{"rendered":"Hama ve \u0130dlib k\u0131rsallar\u0131nda Erdo\u011fan rejiminin toplama tekfirci ve az\u0131l\u0131 katillerden olu\u015fan \u2018Fetih Ordusu\u2019 \u00e7etelerine kar\u015f\u0131 operasyonlar\u0131 kapsam\u0131nda hava g\u00fc\u00e7lerimiz bug\u00fcn Friyke \u2013 Ziyaret yolu \u00fczerinde \u00e7etelere ait bir ara\u00e7 konvoyunu ta\u015f\u0131d\u0131\u011f\u0131 cephane ve ter\u00f6ristlerle tamamen imha etti."},"content":{"rendered":"<p>Hama ve \u0130dlib k\u0131rsallar\u0131nda Erdo\u011fan rejiminin toplama tekfirci ve az\u0131l\u0131 katillerden olu\u015fan \u2018Fetih Ordusu\u2019 \u00e7etelerine kar\u015f\u0131 operasyonlar\u0131 kapsam\u0131nda hava g\u00fc\u00e7lerimiz bug\u00fcn Friyke \u2013 Ziyaret yolu \u00fczerinde \u00e7etelere ait bir ara\u00e7 konvoyunu ta\u015f\u0131d\u0131\u011f\u0131 cephane ve ter\u00f6ristlerle tamamen imha etti.<\/p>\n","protected":false},"excerpt":{"rendered":"<p>Hama ve \u0130dlib k\u0131rsallar\u0131nda Erdo\u011fan rejiminin toplama tekfirci ve az\u0131l\u0131 katillerden olu\u015fan \u2018Fetih Ordusu\u2019 \u00e7etelerine kar\u015f\u0131 operasyonlar\u0131 kapsam\u0131nda hava g\u00fc\u00e7lerimiz bug\u00fcn Friyke \u2013 Ziyaret yolu \u00fczerinde \u00e7etelere ait bir ara\u00e7 konvoyunu ta\u015f\u0131d\u0131\u011f\u0131 cephane ve ter\u00f6ristlerle tamamen imha etti.<\/p>\n","protected":false},"author":1,"featured_media":0,"comment_status":"closed","ping_status":"closed","sticky":false,"template":"","format":"standard","meta":{"footnotes":""},"categories":[1],"tags":[],"class_list":["post-47114","post","type-post","status-publish","format-standard","","category-news-not-sorted"],"_links":{"self":[{"href":"https:\/\/archive.sana.sy\/tr\/index.php?rest_route=\/wp\/v2\/posts\/47114","targetHints":{"allow":["GET"]}}],"collection":[{"href":"https:\/\/archive.sana.sy\/tr\/index.php?rest_route=\/wp\/v2\/posts"}],"about":[{"href":"https:\/\/archive.sana.sy\/tr\/index.php?rest_route=\/wp\/v2\/types\/post"}],"author":[{"embeddable":true,"href":"https:\/\/archive.sana.sy\/tr\/index.php?rest_route=\/wp\/v2\/users\/1"}],"replies":[{"embeddable":true,"href":"https:\/\/archive.sana.sy\/tr\/index.php?rest_route=%2Fwp%2Fv2%2Fcomments&post=47114"}],"version-history":[{"count":0,"href":"https:\/\/archive.sana.sy\/tr\/index.php?rest_route=\/wp\/v2\/posts\/47114\/revisions"}],"wp:attachment":[{"href":"https:\/\/archive.sana.sy\/tr\/index.php?rest_route=%2Fwp%2Fv2%2Fmedia&parent=47114"}],"wp:term":[{"taxonomy":"category","embeddable":true,"href":"https:\/\/archive.sana.sy\/tr\/index.php?rest_route=%2Fwp%2Fv2%2Fcategories&post=47114"},{"taxonomy":"post_tag","embeddable":true,"href":"https:\/\/archive.sana.sy\/tr\/index.php?rest_route=%2Fwp%2Fv2%2Ftags&post=47114"}],"curies":[{"name":"wp","href":"https:\/\/api.w.org\/{rel}","templated":true}]}}