{"id":4712,"date":"2014-07-06T16:40:05","date_gmt":"2014-07-06T13:40:05","guid":{"rendered":"http:\/\/www.sana.sy\/tr\/?p=4712"},"modified":"2014-07-07T16:27:48","modified_gmt":"2014-07-07T13:27:48","slug":"4712","status":"publish","type":"post","link":"https:\/\/archive.sana.sy\/tr\/?p=4712","title":{"rendered":"Sanayicilerin \u00d6n\u00fcndeki Engeller Kald\u0131r\u0131lacak"},"content":{"rendered":"<p>\u015eAM \u2013 Ekonomi ve D\u0131\u015f Ticaret Bakan\u0131 H\u0131z\u0131r Urfal\u0131 sanayi sekt\u00f6r\u00fcn\u00fcn, kalk\u0131nma s\u00fcrecinin anahtar\u0131 ve ulusal ekonominin temel destekleyicisi oldu\u011funu belirtirken; organize sanayi b\u00f6lgelerinde bulunan sanayicilerin kar\u015f\u0131la\u015ft\u0131klar\u0131 engellerin kald\u0131r\u0131laca\u011f\u0131n\u0131 a\u00e7\u0131klad\u0131.<\/p>\n<p>\u015eam k\u0131rsal\u0131n\u0131n Adra Organize Sanayi B\u00f6lgesinde bulunan sanayicilerin bakanl\u0131k binas\u0131nda kat\u0131ld\u0131klar\u0131 geni\u015f bir oturuma kat\u0131lan Bakan Urfal\u0131; yerli \u00fcretimin geli\u015ftirilmesiyle birlikte d\u0131\u015f pazarlarda rekabet g\u00fcc\u00fcn\u00fcn peki\u015ftirilmesinde organize sanayi b\u00f6lgelerinin \u00f6nemine dikkat \u00e7ekti.<\/p>\n<p>Urfal\u0131 k\u00fc\u00e7\u00fck ve orta sanayi kurumlar\u0131n\u0131n b\u00fcy\u00fck sanayilere ula\u015fmada temel dayana\u011f\u0131 te\u015fkil etti\u011fine i\u015faret etti.<\/p>\n<p>Bakanl\u0131\u011f\u0131n sanayicilerin kar\u015f\u0131la\u015ft\u0131klar\u0131 t\u00fcm zorluklar\u0131 uygun yollarla ortadan kald\u0131rma ve onlara gereken t\u00fcm kolayl\u0131klar\u0131 sa\u011flamaya haz\u0131r oldu\u011funu s\u00f6yleyen Urfal\u0131; bu ba\u011flamda taraflar aras\u0131nda i\u015fbirli\u011fi ve ortak \u00e7al\u0131\u015fmalar\u0131n \u00f6nemine dikkat \u00e7ekti.<\/p>\n<p>Bakan Urfal\u0131 sanayi sekt\u00f6r\u00fcn\u00fcn muhtelif alanlar\u0131nda ham maddelerin temini ve mevcut ko\u015fullar nedeniyle duran sanayi kurumlar\u0131n\u0131n yeniden faaliyete ge\u00e7irilmeleri y\u00f6n\u00fcnde ciddi \u00e7abalar harcand\u0131\u011f\u0131n\u0131 a\u00e7\u0131klad\u0131.<\/p>\n<p>Oturumda sanayiciler ham maddelerin teminin sa\u011flanmas\u0131 a\u00e7\u0131s\u0131ndan istisnas\u0131z t\u00fcm devletlerden ithalata izin veren ruhsatlar\u0131n verilmesini talep ettiler. Ayn\u0131 zamanda Rusya, \u0130ran, \u00c7in, Hindistan ve BRICS grubu \u00fclkeleriyle temaslarda bulunulup ham maddelerin temini ve Suriye \u00fcr\u00fcnlerinin bu devletlerin piyasalar\u0131na girmelerini kolayla\u015ft\u0131rma anla\u015fmalar\u0131 imzalama \u00e7a\u011fr\u0131s\u0131nda bulundular.<\/p>\n<p>Sanayiciler ayr\u0131ca; olaylar nedeniyle sabote edilen sanayi kurumlar\u0131n\u0131 onarmak ve yeniden \u00fcretime koymak isteyen sanayicilere kolay \u00f6demeli krediler verilmesi talebinde bulundular.<\/p>\n<p><a href=\"http:\/\/www.sana.sy\/tr\/wp-content\/uploads\/2014\/07\/H\u0131z\u0131r-S\u00fcleyman.jpg\"><img loading=\"lazy\" decoding=\"async\" class=\"aligncenter wp-image-4713 size-full\" src=\"http:\/\/www.sana.sy\/tr\/wp-content\/uploads\/2014\/07\/H\u0131z\u0131r-S\u00fcleyman.jpg\" alt=\"H\u0131z\u0131r S\u00fcleyman\" width=\"620\" height=\"330\" srcset=\"https:\/\/archive.sana.sy\/tr\/wp-content\/uploads\/2014\/07\/H\u0131z\u0131r-S\u00fcleyman.jpg 620w, https:\/\/archive.sana.sy\/tr\/wp-content\/uploads\/2014\/07\/H\u0131z\u0131r-S\u00fcleyman-150x79.jpg 150w, https:\/\/archive.sana.sy\/tr\/wp-content\/uploads\/2014\/07\/H\u0131z\u0131r-S\u00fcleyman-300x160.jpg 300w\" sizes=\"auto, (max-width: 620px) 100vw, 620px\" \/><\/a><\/p>\n<p><a href=\"http:\/\/www.sana.sy\/tr\/wp-content\/uploads\/2014\/07\/Ekonomi-Bakan\u0131-2.jpg\"><img loading=\"lazy\" decoding=\"async\" class=\"aligncenter wp-image-4715 size-large\" src=\"http:\/\/www.sana.sy\/tr\/wp-content\/uploads\/2014\/07\/Ekonomi-Bakan\u0131-2-1024x640.jpg\" alt=\"Ekonomi Bakan\u0131 2\" width=\"620\" height=\"387\" srcset=\"https:\/\/archive.sana.sy\/tr\/wp-content\/uploads\/2014\/07\/Ekonomi-Bakan\u0131-2-1024x640.jpg 1024w, https:\/\/archive.sana.sy\/tr\/wp-content\/uploads\/2014\/07\/Ekonomi-Bakan\u0131-2-150x93.jpg 150w, https:\/\/archive.sana.sy\/tr\/wp-content\/uploads\/2014\/07\/Ekonomi-Bakan\u0131-2-300x187.jpg 300w\" sizes=\"auto, (max-width: 620px) 100vw, 620px\" \/><\/a><\/p>\n","protected":false},"excerpt":{"rendered":"<p>\u015eAM \u2013 Ekonomi ve D\u0131\u015f Ticaret Bakan\u0131 H\u0131z\u0131r Urfal\u0131 sanayi sekt\u00f6r\u00fcn\u00fcn, kalk\u0131nma s\u00fcrecinin anahtar\u0131 ve ulusal ekonominin temel destekleyicisi oldu\u011funu belirtirken; organize sanayi b\u00f6lgelerinde bulunan sanayicilerin kar\u015f\u0131la\u015ft\u0131klar\u0131 engellerin kald\u0131r\u0131laca\u011f\u0131n\u0131 a\u00e7\u0131klad\u0131. \u015eam k\u0131rsal\u0131n\u0131n Adra Organize Sanayi B\u00f6lgesinde bulunan sanayicilerin bakanl\u0131k binas\u0131nda kat\u0131ld\u0131klar\u0131 geni\u015f bir oturuma kat\u0131lan Bakan Urfal\u0131; yerli \u00fcretimin geli\u015ftirilmesiyle birlikte d\u0131\u015f pazarlarda rekabet g\u00fcc\u00fcn\u00fcn &hellip;<\/p>\n","protected":false},"author":1,"featured_media":4714,"comment_status":"closed","ping_status":"closed","sticky":false,"template":"","format":"standard","meta":{"footnotes":""},"categories":[485,486],"tags":[1024],"class_list":["post-4712","post","type-post","status-publish","format-standard","has-post-thumbnail","","category-is-ve-sermaye","category-haberler-is-ve-sermaye","tag-sanayicilerin-onundeki-engeller-kaldirilacak"],"_links":{"self":[{"href":"https:\/\/archive.sana.sy\/tr\/index.php?rest_route=\/wp\/v2\/posts\/4712","targetHints":{"allow":["GET"]}}],"collection":[{"href":"https:\/\/archive.sana.sy\/tr\/index.php?rest_route=\/wp\/v2\/posts"}],"about":[{"href":"https:\/\/archive.sana.sy\/tr\/index.php?rest_route=\/wp\/v2\/types\/post"}],"author":[{"embeddable":true,"href":"https:\/\/archive.sana.sy\/tr\/index.php?rest_route=\/wp\/v2\/users\/1"}],"replies":[{"embeddable":true,"href":"https:\/\/archive.sana.sy\/tr\/index.php?rest_route=%2Fwp%2Fv2%2Fcomments&post=4712"}],"version-history":[{"count":0,"href":"https:\/\/archive.sana.sy\/tr\/index.php?rest_route=\/wp\/v2\/posts\/4712\/revisions"}],"wp:featuredmedia":[{"embeddable":true,"href":"https:\/\/archive.sana.sy\/tr\/index.php?rest_route=\/wp\/v2\/media\/4714"}],"wp:attachment":[{"href":"https:\/\/archive.sana.sy\/tr\/index.php?rest_route=%2Fwp%2Fv2%2Fmedia&parent=4712"}],"wp:term":[{"taxonomy":"category","embeddable":true,"href":"https:\/\/archive.sana.sy\/tr\/index.php?rest_route=%2Fwp%2Fv2%2Fcategories&post=4712"},{"taxonomy":"post_tag","embeddable":true,"href":"https:\/\/archive.sana.sy\/tr\/index.php?rest_route=%2Fwp%2Fv2%2Ftags&post=4712"}],"curies":[{"name":"wp","href":"https:\/\/api.w.org\/{rel}","templated":true}]}}