{"id":47130,"date":"2015-09-17T15:20:58","date_gmt":"2015-09-17T12:20:58","guid":{"rendered":"http:\/\/sana.sy\/tr\/?p=47130"},"modified":"2015-09-18T17:12:43","modified_gmt":"2015-09-18T14:12:43","slug":"terorle-mucadele-suriye-halkinin-ideali-ve-siyasi-cozumun-temel-girisidir","status":"publish","type":"post","link":"https:\/\/archive.sana.sy\/tr\/?p=47130","title":{"rendered":"Ter\u00f6rle M\u00fccadele Suriye Halk\u0131n\u0131n \u0130deali ve Siyasi \u00c7\u00f6z\u00fcm\u00fcn Temel Giri\u015fidir"},"content":{"rendered":"<p>\u015eAM \u2013 Ba\u015fbakan Yard\u0131mc\u0131s\u0131 D\u0131\u015fi\u015fleri ve Gurbet\u00e7iler Bakan\u0131 Velid el Muallim bug\u00fcn \u00f6\u011fleden \u00f6nce Birle\u015fmi\u015f Milletler genel sekreterinin Suriye \u00f6zel temsilcisi Staffan de Mistura ve ona e\u015flik eden heyeti kabul etti.<\/p>\n<p>Suriye&#8217;deki krize siyasi \u00e7\u00f6z\u00fcm bulunmas\u0131 y\u00f6n\u00fcnde ekibinin bulundu\u011fu temas ve \u00e7al\u0131\u015fmalara ili\u015fkin sorular\u0131 cevaplayan de Mistura; ekibinin bulunduklar\u0131 temaslar\u0131n d\u00fc\u015f\u00fcnce toplama ama\u00e7l\u0131 oldu\u011funu ve zorunlu olmad\u0131\u011f\u0131n\u0131 ifade etti. De Mistura bu temaslarda elde edilen sonu\u00e7lardan Cenevre III konferans\u0131na haz\u0131rl\u0131kta faydalan\u0131labilece\u011fini s\u00f6yledi.<\/p>\n<p>G\u00f6r\u00fc\u015fmede Muallim; Suriye&#8217;de ter\u00f6rle m\u00fccadelenin temel \u00f6ncelik oldu\u011funu vurgularken; bunun siyasi \u00e7\u00f6z\u00fcm\u00fcn temel giri\u015fini te\u015fkil etti\u011fini, g\u00fcvenlik ve istikrar\u0131n sa\u011flanmas\u0131n\u0131 \u00f6ncelik olarak nitelendiren Suriye halk\u0131n\u0131n da ideallerinin bu oldu\u011funun alt\u0131n\u0131 \u00e7izdi.<\/p>\n<p>De Mistura\u2019n\u0131n takdim etti\u011fi d\u00fc\u015f\u00fcnceler konusunda ise Muallim; Suriye&#8217;nin bu d\u00fc\u015f\u00fcnceleri ayr\u0131nt\u0131lar\u0131yla de\u011ferlendirip giri\u015fimine ili\u015fkin uygun tutumunu bildirece\u011fini belirtti.<\/p>\n<p>Suriye h\u00fck\u00fcmeti ile BM genel sekreterinin \u00f6zel temsilcisi aras\u0131ndaki koordinasyonun s\u00fcrd\u00fcr\u00fclmesi gere\u011fini vurgulayan Muallim; ter\u00f6rle m\u00fccadelede b\u00f6lgesel ve uluslar aras\u0131 \u00e7abalar\u0131n yo\u011funla\u015ft\u0131r\u0131l\u0131p birle\u015ftirilmesi \u00f6neminin alt\u0131n\u0131 \u00e7izdi. Muallim; muhtelif adland\u0131rmalar alt\u0131ndaki ter\u00f6r \u00f6rg\u00fctlere destek veren devletlerin de \u00f6rg\u00fctlere her t\u00fcrl\u00fc desteklerine son vermeleri gere\u011fine vurgu yapt\u0131.<\/p>\n","protected":false},"excerpt":{"rendered":"<p>\u015eAM \u2013 Ba\u015fbakan Yard\u0131mc\u0131s\u0131 D\u0131\u015fi\u015fleri ve Gurbet\u00e7iler Bakan\u0131 Velid el Muallim bug\u00fcn \u00f6\u011fleden \u00f6nce Birle\u015fmi\u015f Milletler genel sekreterinin Suriye \u00f6zel temsilcisi Staffan de Mistura ve ona e\u015flik eden heyeti kabul etti. Suriye&#8217;deki krize siyasi \u00e7\u00f6z\u00fcm bulunmas\u0131 y\u00f6n\u00fcnde ekibinin bulundu\u011fu temas ve \u00e7al\u0131\u015fmalara ili\u015fkin sorular\u0131 cevaplayan de Mistura; ekibinin bulunduklar\u0131 temaslar\u0131n d\u00fc\u015f\u00fcnce toplama ama\u00e7l\u0131 oldu\u011funu ve &hellip;<\/p>\n","protected":false},"author":1,"featured_media":47131,"comment_status":"closed","ping_status":"closed","sticky":false,"template":"","format":"standard","meta":{"footnotes":""},"categories":[479,2554,2555,478],"tags":[16772,16773,16771],"class_list":["post-47130","post","type-post","status-publish","format-standard","has-post-thumbnail","","category-haberler-yerel","category-suriye-ve-dunya","category-suriye-ve-turkiye","category-yerel","tag-basbakan-yardimcisi-disisleri-ve-gurbetciler-bakani-velid-el-muallim","tag-birlesmis-milletler-genel-sekreterinin-suriye-ozel-temsilcisi-staffan-de-mistura","tag-terorle-mucadele-suriye-halkinin-ideali-ve-siyasi-cozumun-temel-girisidir"],"_links":{"self":[{"href":"https:\/\/archive.sana.sy\/tr\/index.php?rest_route=\/wp\/v2\/posts\/47130","targetHints":{"allow":["GET"]}}],"collection":[{"href":"https:\/\/archive.sana.sy\/tr\/index.php?rest_route=\/wp\/v2\/posts"}],"about":[{"href":"https:\/\/archive.sana.sy\/tr\/index.php?rest_route=\/wp\/v2\/types\/post"}],"author":[{"embeddable":true,"href":"https:\/\/archive.sana.sy\/tr\/index.php?rest_route=\/wp\/v2\/users\/1"}],"replies":[{"embeddable":true,"href":"https:\/\/archive.sana.sy\/tr\/index.php?rest_route=%2Fwp%2Fv2%2Fcomments&post=47130"}],"version-history":[{"count":0,"href":"https:\/\/archive.sana.sy\/tr\/index.php?rest_route=\/wp\/v2\/posts\/47130\/revisions"}],"wp:featuredmedia":[{"embeddable":true,"href":"https:\/\/archive.sana.sy\/tr\/index.php?rest_route=\/wp\/v2\/media\/47131"}],"wp:attachment":[{"href":"https:\/\/archive.sana.sy\/tr\/index.php?rest_route=%2Fwp%2Fv2%2Fmedia&parent=47130"}],"wp:term":[{"taxonomy":"category","embeddable":true,"href":"https:\/\/archive.sana.sy\/tr\/index.php?rest_route=%2Fwp%2Fv2%2Fcategories&post=47130"},{"taxonomy":"post_tag","embeddable":true,"href":"https:\/\/archive.sana.sy\/tr\/index.php?rest_route=%2Fwp%2Fv2%2Ftags&post=47130"}],"curies":[{"name":"wp","href":"https:\/\/api.w.org\/{rel}","templated":true}]}}