{"id":47134,"date":"2015-09-17T16:01:42","date_gmt":"2015-09-17T13:01:42","guid":{"rendered":"http:\/\/sana.sy\/tr\/?p=47134"},"modified":"2015-09-18T17:12:38","modified_gmt":"2015-09-18T14:12:38","slug":"suriye-hukumeti-ile-koordinasyon-olmadan-ihlal-sayilacaktir","status":"publish","type":"post","link":"https:\/\/archive.sana.sy\/tr\/?p=47134","title":{"rendered":"Suriye H\u00fck\u00fcmeti ile Koordinasyon Olmadan \u0130hlal Say\u0131lacakt\u0131r"},"content":{"rendered":"<p>\u015eAM \u2013 Suriye; \u0130ngiltere, Fransa ve Avustralya\u2019n\u0131n, BM misak\u0131n\u0131n 51. Midesini kas\u0131tl\u0131 bir \u015fekilde tahrif edip kendisine kar\u015f\u0131 askeri \u00f6nlemler almas\u0131n\u0131n mant\u0131kla ilgisi olmad\u0131\u011f\u0131n\u0131 belirterek, bunun hem s\u00f6z konusu madde hem de G\u00fcvenlik Konseyinin kararlar\u0131yla apa\u00e7\u0131k \u00e7eli\u015fti\u011fini vurgulad\u0131.<\/p>\n<p>BM genel sekreteri ve G\u00fcvenlik Konseyi ba\u015fkan\u0131na e\u015f iki resmi mektubunda bakanl\u0131k; s\u00f6z konusu devletlerin BM misak\u0131n\u0131n bizzat kendisini kas\u0131tl\u0131 bir \u015fekilde tahrif etmelerinin yan\u0131 s\u0131ra G\u00fcvenlik Konseyinin, Suriye&#8217;nin egemenli\u011fine, toprak b\u00fct\u00fcnl\u00fc\u011f\u00fcne ve selametine sayg\u0131 duyulup korunmas\u0131n\u0131 \u00f6ng\u00f6ren 2170,2178 ve 2199 say\u0131l\u0131 kararlar\u0131n\u0131 da net bir \u015fekilde ihlal ettiklerini belirtti.<\/p>\n<p>S\u00f6z konusu devletlerin ald\u0131klar\u0131 icraatlar\u0131n BM misak\u0131n\u0131n 51. Maddesiyle hi\u00e7bir ili\u015fkisi olmad\u0131\u011f\u0131n\u0131 belirten Bakanl\u0131k; G\u00fcvenlik Konseyinin daimi \u00fcyesi \u0130ngiltere&#8217;nin yan\u0131 s\u0131ra BM\u2019de \u00fcye \u00fclkelerin BM\u2019de \u00fcye ba\u015fka bir devletin egemenli\u011fine kar\u015f\u0131 misak ve kanunlar\u0131 tahrif etmelerinin tehlikesine dikkat \u00e7ekti. Bakanl\u0131k bu meselenin hassasiyetine, ciddiyetine ve tehlikesine dikkat \u00e7ekerken; BM ve G\u00fcvenlik Konseyinden bu konuda \u00fcstlerine d\u00fc\u015fen sorumlulu\u011fu \u00fcstlenmelerine \u00e7a\u011f\u0131rd\u0131.<\/p>\n<p>Bakanl\u0131k resmi mektubunda Suriye&#8217;nin bu gibi hi\u00e7bir talepte bulunmad\u0131\u011f\u0131n\u0131n alt\u0131n\u0131 \u00e7izerken; G\u00fcvenlik Konseyinin daha \u00f6nce Suriye&#8217;de ter\u00f6rle m\u00fccadeleye ili\u015fkin bir dizi karar ald\u0131\u011f\u0131n\u0131, BM\u2019de \u00fcye t\u00fcm devletlerin de bu kararlara ba\u011fl\u0131 kalmalar\u0131 gerekti\u011fini vurgulad\u0131.<\/p>\n<p>Suriye ordusunun h\u00fck\u00fcmetin anayasa ve kanunlar \u00e7er\u00e7evesinde kendisine verdi\u011fi yetki kapsam\u0131nda d\u00f6rt y\u0131ldan fazla bir s\u00fcredir ulusal sorumluluk ve duyarl\u0131l\u0131kla ter\u00f6re kar\u015f\u0131 ciddi bir m\u00fccadele verdi\u011fini belirten Bakanl\u0131k; T\u00fcrkiye rejimi, Suudi Arabistan, Katar, \u00dcrd\u00fcn, \u0130srail ve daha ba\u015fka devletler taraf\u0131ndan her t\u00fcrl\u00fc deste\u011fin temin edildi\u011fi I\u015e\u0130D, Kaide \u00d6rg\u00fct\u00fcn\u00fcn Suriye kolu Nusra Cephesi ve daha ba\u015fka adland\u0131rmalar alt\u0131ndaki ter\u00f6r \u00f6rg\u00fctlerle sava\u015ft\u0131\u011f\u0131n\u0131 vurgulad\u0131. Bakanl\u0131k Suriye&#8217;de ter\u00f6rle m\u00fccadele etmek isteyen herhangi bir taraf\u0131n; Suriye ordusunun m\u00fccadelesini ve ba\u015far\u0131lar\u0131n\u0131 itiraf etmesi, Suriye ordusu ve h\u00fck\u00fcmetiyle koordinasyonda bulunmas\u0131 gerekti\u011finin alt\u0131n\u0131 \u00e7izdi.<\/p>\n<p>Suriye ordusunun I\u015e\u0130D ve di\u011fer ter\u00f6r \u00f6rg\u00fctlere kar\u015f\u0131 sava\u015f\u0131ndaki ciddiyeti ve bu \u00f6rg\u00fctleri say\u0131 ve ara\u00e7lar\u0131yla u\u011fratt\u0131\u011f\u0131 a\u011f\u0131r kay\u0131plar\u0131n inkar edilemeyecek kadar bariz ve net oldu\u011funu belirten bakanl\u0131k; \u00f6zellikle Avustralya olmak \u00fczere kimi devletlerin Suriye ordusuna bulunduklar\u0131 su\u00e7lamalar\u0131n cevaplanmayacak kadar mant\u0131ks\u0131z oldu\u011funu ifade etti. Bakanl\u0131k bunun yan\u0131nda ABD komutas\u0131ndaki uluslar aras\u0131 koalisyonun ise bulundu\u011fu operasyonlar\u0131n sonu\u00e7 ve etkilerinin d\u00fcnya medyas\u0131nda a\u00e7\u0131k oldu\u011funu, ba\u015far\u0131s\u0131zl\u0131\u011f\u0131n\u0131n da net oldu\u011funu kaydetti. Bu koalisyonun I\u015e\u0130D\u2019in zay\u0131flamas\u0131 bir yana kals\u0131n; daha \u00e7ok b\u00fcy\u00fcmesine ve yay\u0131lmas\u0131na yol a\u00e7t\u0131\u011f\u0131na dikkat \u00e7eken bakanl\u0131k; Suudi Arabistan, yemen, Libya, M\u0131s\u0131r, Tunus, Kuveyt ve hatta Avrupa&#8217;ya yay\u0131lmas\u0131na yol a\u00e7t\u0131\u011f\u0131n\u0131 belirtti.<\/p>\n<p>Bakanl\u0131k resmi mektubunda gerek hava, gerek kara, gerekse deniz alanlar\u0131nda \u2018ter\u00f6rle m\u00fccadele\u2019 yada ba\u015fka bir gerek\u00e7e ad\u0131 alt\u0131nda olsun Suriye h\u00fck\u00fcmetinin onay\u0131 olmaks\u0131z\u0131n bulunacak her hangi bir yabanc\u0131 g\u00fcc\u00fcn kesinlikle Suriye&#8217;nin egemenlik ve ba\u011f\u0131ms\u0131zl\u0131\u011f\u0131na ihlal te\u015fkil edece\u011fini belirtirken; Suriye topraklar\u0131n\u0131n herhangi bir yerinde ter\u00f6rle m\u00fccadelenin, Suriye h\u00fck\u00fcmeti ile koordinasyonu gerektirdi\u011fini vurgulad\u0131.<\/p>\n<p>Bakanl\u0131k \u0130ngiltere, Fransa ve Avustralya&#8217;n\u0131n ger\u00e7ekten ter\u00f6rle m\u00fccadele etme hedefinde olmalar\u0131 halinde, ba\u015fka devletlerin egemenli\u011fini ihlal etmeleri yerine Suriye&#8217;de mevcut ter\u00f6r \u00f6rg\u00fctlere desteklerini kesmeleri ve ter\u00f6rist g\u00f6ndermeye son vermelerinin daha mant\u0131kl\u0131 ve etkili olaca\u011f\u0131n\u0131 ifade etti.<\/p>\n","protected":false},"excerpt":{"rendered":"<p>\u015eAM \u2013 Suriye; \u0130ngiltere, Fransa ve Avustralya\u2019n\u0131n, BM misak\u0131n\u0131n 51. Midesini kas\u0131tl\u0131 bir \u015fekilde tahrif edip kendisine kar\u015f\u0131 askeri \u00f6nlemler almas\u0131n\u0131n mant\u0131kla ilgisi olmad\u0131\u011f\u0131n\u0131 belirterek, bunun hem s\u00f6z konusu madde hem de G\u00fcvenlik Konseyinin kararlar\u0131yla apa\u00e7\u0131k \u00e7eli\u015fti\u011fini vurgulad\u0131. BM genel sekreteri ve G\u00fcvenlik Konseyi ba\u015fkan\u0131na e\u015f iki resmi mektubunda bakanl\u0131k; s\u00f6z konusu devletlerin BM misak\u0131n\u0131n &hellip;<\/p>\n","protected":false},"author":1,"featured_media":34538,"comment_status":"closed","ping_status":"closed","sticky":false,"template":"","format":"standard","meta":{"footnotes":""},"categories":[479,2554,2555,478],"tags":[16777,16778,16776,16775,16774],"class_list":["post-47134","post","type-post","status-publish","format-standard","has-post-thumbnail","","category-haberler-yerel","category-suriye-ve-dunya","category-suriye-ve-turkiye","category-yerel","tag-bm-misakinin-51-midesini-kasitli-bir-sekilde-tahrif-edip-kendisine-karsi-askeri-onlemler-almasinin-mantikla-ilgisi-olmadigini-belirterek","tag-bunun-hem-soz-konusu-madde-hem-de-guvenlik-konseyinin-kararlariyla-apacik-celistigini-vurguladi","tag-fransa-ve-avustralyanin","tag-sam-suriye-ingiltere","tag-suriye-hukumeti-ile-koordinasyon-olmadan-ihlal-sayilacaktir"],"_links":{"self":[{"href":"https:\/\/archive.sana.sy\/tr\/index.php?rest_route=\/wp\/v2\/posts\/47134","targetHints":{"allow":["GET"]}}],"collection":[{"href":"https:\/\/archive.sana.sy\/tr\/index.php?rest_route=\/wp\/v2\/posts"}],"about":[{"href":"https:\/\/archive.sana.sy\/tr\/index.php?rest_route=\/wp\/v2\/types\/post"}],"author":[{"embeddable":true,"href":"https:\/\/archive.sana.sy\/tr\/index.php?rest_route=\/wp\/v2\/users\/1"}],"replies":[{"embeddable":true,"href":"https:\/\/archive.sana.sy\/tr\/index.php?rest_route=%2Fwp%2Fv2%2Fcomments&post=47134"}],"version-history":[{"count":0,"href":"https:\/\/archive.sana.sy\/tr\/index.php?rest_route=\/wp\/v2\/posts\/47134\/revisions"}],"wp:featuredmedia":[{"embeddable":true,"href":"https:\/\/archive.sana.sy\/tr\/index.php?rest_route=\/wp\/v2\/media\/34538"}],"wp:attachment":[{"href":"https:\/\/archive.sana.sy\/tr\/index.php?rest_route=%2Fwp%2Fv2%2Fmedia&parent=47134"}],"wp:term":[{"taxonomy":"category","embeddable":true,"href":"https:\/\/archive.sana.sy\/tr\/index.php?rest_route=%2Fwp%2Fv2%2Fcategories&post=47134"},{"taxonomy":"post_tag","embeddable":true,"href":"https:\/\/archive.sana.sy\/tr\/index.php?rest_route=%2Fwp%2Fv2%2Ftags&post=47134"}],"curies":[{"name":"wp","href":"https:\/\/api.w.org\/{rel}","templated":true}]}}