{"id":47178,"date":"2015-09-18T17:07:31","date_gmt":"2015-09-18T14:07:31","guid":{"rendered":"http:\/\/sana.sy\/tr\/?p=47178"},"modified":"2015-09-19T19:33:47","modified_gmt":"2015-09-19T16:33:47","slug":"turkiyenin-isid-ile-savasacagina-inanmiyorum-gerekmesi-durumunda-dost-ulkerlerden-talep-edecegiz","status":"publish","type":"post","link":"https:\/\/archive.sana.sy\/tr\/?p=47178","title":{"rendered":"T\u00fcrkiye&#8217;nin I\u015e\u0130D ile Sava\u015faca\u011f\u0131na \u0130nanm\u0131yorum.. Gerekmesi Durumunda Dost \u00dclkerlerden Talep Edece\u011fiz"},"content":{"rendered":"<p>\u015eAM \u2013 Ba\u015fbakan Yard\u0131mc\u0131s\u0131 D\u0131\u015fi\u015fleri ve Gurbet\u00e7iler Bakan\u0131 Velid el Muallim; ter\u00f6r\u00fcn sadece Suriye ve Irak\u2019\u0131n de\u011fil, t\u00fcm d\u00fcnyan\u0131n temel sorunu oldu\u011funu belirtirken; Suriye ordusunun y\u00fcksek bir duyarl\u0131l\u0131k ve \u00f6zveriyle \u00fcst\u00fcne d\u00fc\u015fen sorumlulu\u011fu ba\u015far\u0131yla \u00fcstlendi\u011fini kan\u0131tlad\u0131\u011f\u0131n\u0131 belirtti.<\/p>\n<p>Suriye uydu kanal\u0131 ve \u0130hbariye kanal\u0131 ile \u00f6zel m\u00fclakat\u0131nda Muallim; Suriye&#8217;nin, kimi devletler taraf\u0131ndan temin edilen geli\u015fmi\u015f nitelikli silahlara sahip ter\u00f6r \u00f6rg\u00fctlere kar\u015f\u0131 sava\u015f\u0131nda sahip oldu\u011fu \u015feyin daha \u00e7ok nitelikli silah ve cephane oldu\u011funu belirtti.<\/p>\n<p>Suriye&#8217;yi be\u015f y\u0131la yak\u0131n bir s\u00fcredir hedef alan sava\u015fta ordunun b\u00fcy\u00fck bir ba\u015far\u0131 kaydetti\u011fini belirten Muallim; y\u00f6netimin de bu krizi b\u00fcy\u00fck bir dikkat ve hikmetle y\u00f6netti\u011fini s\u00f6yledi. Muallim; d\u00fc\u015fmanlar\u0131n her yola ba\u015fvurmalar\u0131 ard\u0131ndan i\u00e7ine d\u00fc\u015ft\u00fckleri \u00e7\u0131kmazl\u0131k ve ba\u015far\u0131s\u0131zl\u0131kla yenildiklerini s\u00f6yledi. Suriye&#8217;ye y\u00f6nelik sava\u015fta b\u00fcy\u00fck kay\u0131plar verildi\u011finin bir ger\u00e7ek oldu\u011funu ifade eden Muallim, fakat d\u00fc\u015fmanlar\u0131n yine de hedefine ula\u015fmad\u0131\u011f\u0131n\u0131 kaydetti.<\/p>\n<p>Ter\u00f6r\u00fc destekleyen b\u00f6lge devletleri konusunda ise Muallim; bu devletlerin 4,5 y\u0131ld\u0131r ter\u00f6r\u00fc desteklediklerini ve bu ter\u00f6r\u00fcn tehlikesinden uzak olduklar\u0131n\u0131 d\u00fc\u015f\u00fcnd\u00fcklerini s\u00f6yledi. Oysa ki ter\u00f6r tehlikesinden uzak olmad\u0131klar\u0131n\u0131n net bir \u015fekilde g\u00f6r\u00fcld\u00fc\u011f\u00fcne dikkat \u00e7ektin Muallim; bu devletlerle koordinasyon yada koalisyonun olmas\u0131n\u0131n, Rusya ba\u015fkan\u0131 Vladimir Putin\u2019in giri\u015fimine cevap olarak olabilece\u011fini ifade etti.<br \/>\nMuallim s\u00f6z konusu devletlerin bu gibi bir koalisyona girmeleri halinde kendi g\u00fcvenliklerini ve istikrar\u0131n\u0131 ter\u00f6re kar\u015f\u0131 savunmu\u015f olacaklar\u0131n\u0131 ifade ederken; bu konuda ciddiyet ve iyi niyetlerini kan\u0131tlamalar\u0131 halinde Suriye&#8217;nin koordinasyona girebilece\u011fini belirtti.<\/p>\n<p>Muallim Suriye&#8217;nin muhtelif bir\u00e7ok b\u00f6lgesinde daha \u00f6nce devlete ve orduya kar\u015f\u0131 sava\u015fan bir\u00e7ok silahl\u0131 grubun hatas\u0131n\u0131 idrak etmesi ard\u0131ndan vatan kuca\u011f\u0131na d\u00f6n\u00fcp ordu saflar\u0131nda ter\u00f6re kar\u015f\u0131 sava\u015fmaya ba\u015flad\u0131\u011f\u0131n\u0131 belirtti. Bir\u00e7ok grubun k\u00f6rfez \u00fclkeleri ya da ba\u015fka devletlerin sadece ve sadece kendi \u00e7\u0131karlar\u0131n\u0131 d\u00fc\u015f\u00fcn\u00fcp kollad\u0131klar\u0131n\u0131 net bir \u015fekilde g\u00f6rd\u00fcklerine i\u015faret eden Muallim; m\u00fclteciler davas\u0131n\u0131n da bu ge\u00e7e\u011fi t\u00fcm \u00e7\u0131plakl\u0131\u011f\u0131yla izole etti\u011fini s\u00f6yledi.<\/p>\n<p>Muallim Suriye&#8217;nin krizin ba\u015f\u0131ndan beri dost \u00fclkelerle koordinasyon i\u00e7inde oldu\u011funu ifade ederken, 4,5 y\u0131ld\u0131r Suriye&#8217;ye kar\u015f\u0131 tutumlar\u0131yla bilinen devletlerin bir k\u0131sm\u0131n\u0131n da tutumlar\u0131n\u0131 de\u011fi\u015ftirmeye ba\u015flad\u0131klar\u0131n\u0131 belirtti. Bu de\u011fi\u015fimin tam olarak netle\u015fip koordinasyona girmelerinin bir nevi zaman alaca\u011f\u0131n\u0131 belirten Muallim; her \u015feye ra\u011fmen Suriye&#8217;nin d\u00fcr\u00fcst ve ciddi \u00e7abalara sahip herkesle koordinasyon ve i\u015fbirli\u011fine haz\u0131r odlu\u011funu bir kez daha vurgulad\u0131.<\/p>\n<p><span style=\"color: #0000ff\">T\u00fcrkiye \u0130deolojik Nedenlerden Dolay\u0131 I\u015e\u0130D\u2019le Sava\u015fmayacak<\/span><\/p>\n<p>T\u00fcrkiye&#8217;deki rejimin ABD komutas\u0131 ve denetim alt\u0131nda ter\u00f6r \u00f6rg\u00fctlere deste\u011fi konusunda ise Muallim; T\u00fcrkiye&#8217;deki rejimin M\u00fcsl\u00fcman Karde\u015fler \u00d6rg\u00fct\u00fc ile derin ideolojik ba\u011flant\u0131lar\u0131ndan dolay\u0131 Suriye&#8217;de radikal bir \u015fekilde ter\u00f6r\u00fc destekledi\u011fini belirtti. Kendisinin her zaman \u2018T\u00fcrkiye&#8217;nin I\u015e\u0130D\u2019e kar\u015f\u0131 sava\u015fmayaca\u011f\u0131\u2019 kanaatinde oldu\u011funu ifade eden Muallim; radikal ideolojisinden dolay\u0131 T\u00fcrkiye&#8217;deki rejimin 100\u2019den fazla devletten ter\u00f6rist ve onlara her t\u00fcrl\u00fc deste\u011fin ge\u00e7i\u015fine izin verdi\u011fini ifade etti. Muallim T\u00fcrkiye&#8217;nin, ABD komutas\u0131ndaki uluslar aras\u0131 koalisyona kat\u0131l\u0131m\u0131 konusunda ortaya \u00e7\u0131kan s\u00f6ylem ve s\u00f6zde operasyonlar\u0131n T\u00fcrkiye&#8217;deki rejimin bir oyunundan ba\u015fka bir \u015fey olmad\u0131\u011f\u0131n\u0131 belirtti.<\/p>\n<p>I\u015e\u0130D\u2019e kar\u0131\u015f\u0131 ABD komutas\u0131ndaki koalisyon konusunda ise Muallim; Washington idaresinin son s\u00fcre\u00e7 i\u00e7inde bu koalisyonun ba\u015far\u0131s\u0131zl\u0131\u011f\u0131n\u0131 T\u00fcrkiye&#8217;ye y\u00fckledi\u011fine dikkat \u00e7ekti. Muallim ABD\u2019nin; T\u00fcrkiye&#8217;nin ter\u00f6ristlerin topraklar\u0131ndan ge\u00e7melerine izin vermesi nedeniyle koalisyonun ba\u015far\u0131l\u0131 olmad\u0131\u011f\u0131n\u0131 ifade ederken, T\u00fcrkiye&#8217;den s\u0131n\u0131rlar\u0131n\u0131 kontrol etmesini ve ter\u00f6ristlerin giri\u015flerini talep etti\u011fine i\u015faret etti.<\/p>\n<p>S\u00f6zlerine devam eden Muallim; G\u00fcvenlik Konseyinin zorlay\u0131c\u0131 olan 7. Bent alt\u0131nda \u00e7\u0131kard\u0131\u011f\u0131 kararlara i\u015faret ederken; bu kararlar\u0131n t\u00fcm devletleri ter\u00f6re desteklerini kesmelerini \u00f6ng\u00f6rd\u00fcklerinin alt\u0131n\u0131 \u00e7izdi. Muallim bu devletlerin ter\u00f6rle m\u00fccadele etmeleri gere\u011fini de ifade ederken; Suriye&#8217;de ger\u00e7ekten ter\u00f6rle m\u00fccadele edecek herhangi bir devlet yada taraf\u0131n mutlaka Suriye h\u00fck\u00fcmeti ile koordinasyon i\u00e7inde olmas\u0131n\u0131n \u00f6nemine vurgu yapt\u0131. Muallim ger\u00e7ek d\u00fc\u015fman \u0130srail haricinde Suriye&#8217;nin ciddi ve d\u00fcr\u00fcst niyete sahip her devletle i\u015fbirli\u011fi i\u00e7inde olmaya haz\u0131r oldu\u011funu bir kez daha kaydetti.<\/p>\n<p>Bu devletlerin ciddiyetinden nas\u0131l emin olunaca\u011f\u0131 konusunda ise Muallim; ter\u00f6re desteklerini kesmelerinin bu konuda belirleyici olaca\u011f\u0131n\u0131 s\u00f6yledi. Muallim Suriye&#8217;nin, kimin ter\u00f6r\u00fc nas\u0131l destekledi\u011fini iyi bildi\u011fini, T\u00fcrkiye ve \u00dcrd\u00fcn\u2019deki operasyon odalar\u0131n\u0131n ne yapt\u0131klar\u0131n\u0131n da Suriye taraf\u0131ndan bilindi\u011fini belirtti.<\/p>\n<p>T\u00fcrkiye ve ABD aras\u0131nda son olarak var\u0131lan uzla\u015fmalar konusunda ise Muallim; rejim ba\u015fkan\u0131 Erdo\u011fan\u2019\u0131n eski oyununu tekrar oynamaya \u00e7al\u0131\u015ft\u0131\u011f\u0131n\u0131 belirtti. Muallim; I\u015e\u0130D\u2019in daha \u00f6nce T\u00fcrkiyeli diplomatlar\u0131 rehine almas\u0131 ard\u0131ndan T\u00fcrkiye&#8217;nin bu rehinelerin selameti a\u00e7\u0131s\u0131ndan I\u015e\u0130D\u2019e kar\u015f\u0131 sava\u015fmayaca\u011f\u0131n\u0131 iddia etti\u011fine dikkat \u00e7ekti. Diplomatlar\u0131n serbest b\u0131rak\u0131lmalar\u0131 ard\u0131ndan Erdo\u011fan rejiminin I\u015e\u0130D\u2019e kar\u015f\u0131 sava\u015fmamak i\u00e7in yeni bahaneler ortaya koydu\u011funa i\u015faret eden Muallim; Erdo\u011fan rejiminin ancak \u00fc\u00e7 ko\u015fulla I\u015e\u0130D\u2019e kar\u015f\u0131 sava\u015faca\u011f\u0131n\u0131 \u00f6ne s\u00fcrd\u00fc\u011f\u00fcn\u00fc hat\u0131rlatt\u0131. Muallim Erdo\u011fan rejiminin I\u015e\u0130D\u2019e kar\u015f\u0131 sava\u015fmak i\u00e7in Suriye&#8217;de tampon b\u00f6lgenin kurulmas\u0131, Suriye \u00fczerinde havaya u\u00e7u\u015f yasa\u011f\u0131 b\u00f6lgesi ve koalisyonun Suriye y\u00f6netimini hedef almas\u0131 gibi ko\u015fullar \u00f6ne s\u00fcrd\u00fc\u011f\u00fcne, fakat kimsenin bu isteklerine kulak asmad\u0131\u011f\u0131n\u0131 s\u00f6yledi.<\/p>\n<p>S\u00f6zlerine devam eden Muallim; Erdo\u011fan rejiminin son se\u00e7imlerde ya\u015fad\u0131\u011f\u0131 oy kayb\u0131 ard\u0131ndan yeni bir oyuna girerek K\u00fcrtlere kar\u015f\u0131 sava\u015f bahanesiyle I\u015e\u0130D\u2019e kar\u015f\u0131 sava\u015fmaktan s\u0131y\u0131rmaya \u00e7al\u0131\u015ft\u0131\u011f\u0131n\u0131 belirtti.<\/p>\n<p>T\u00fcrkiye&#8217;deki rejimin ihvanc\u0131 ideolojisinden dolay\u0131 I\u015e\u0130D\u2019e kar\u015f\u0131 sava\u015fmayaca\u011f\u0131 y\u00f6n\u00fcndeki kanaatini bir kez daha ifade eden Muallim, bunun en b\u00fcy\u00fck kan\u0131t\u0131n\u0131n T\u00fcrkiye&#8217;deki rejimin I\u015e\u0130D\u2019li ter\u00f6ristlere deste\u011fini, g\u00fcvenli bar\u0131nak, t\u0131bbi hizmet, cephane temini, \u00e7al\u0131nt\u0131 tarihi eser ve petrol sat\u0131\u015f\u0131n\u0131 engellemedi\u011fini, I\u015e\u0130D\u2019in T\u00fcrkiye&#8217;de mevcut hi\u00e7bir ofis yada karargah\u0131n\u0131 da kapatmad\u0131\u011f\u0131n\u0131n alt\u0131n\u0131 \u00e7izdi.<\/p>\n<p><span style=\"color: #0000ff\">Gerek G\u00f6r\u00fclmesi Durumunda \u0130steyece\u011fiz<\/span><\/p>\n<p>Suriye&#8217;de muhtelif adland\u0131rmalar alt\u0131ndaki ter\u00f6r \u00f6rg\u00fctlere s\u0131n\u0131rs\u0131z be\u015feri kaynak g\u00f6lgesinde Suriye ordusunun dost g\u00fc\u00e7lere ihtiyac\u0131 konusunda ise Muallim; Suriye ordusunun \u015fu ana dek s\u0131n\u0131rs\u0131z ter\u00f6rist ak\u0131\u015f\u0131 ve geli\u015fmi\u015f silahlarla donat\u0131lan ter\u00f6ristlere kar\u015f\u0131 koymay\u0131 ba\u015fard\u0131\u011f\u0131n\u0131 belirtti. Muallim tarihte hi\u00e7bir ordunun Suriye ordusu gibi kendi topraklar\u0131nda bu denli geni\u015f be\u015feri ve askeri destek alan ter\u00f6ristlerle sava\u015fmad\u0131\u011f\u0131n\u0131 s\u00f6yledi.<\/p>\n<p>Muallim ileriki s\u00fcrecin beraberinde ne getirece\u011fini kimsenin bilemeyece\u011fini ifade ederken; her \u015feye ra\u011fmen Suriye&#8217;nin gerek duymas\u0131 halinde dost devletlerden askeri g\u00fc\u00e7 deste\u011fi talep edece\u011fini belirtti.<\/p>\n<p>Rus asker ve subaylar\u0131n Lazkiye\u2019deki havaliman\u0131 \u00fczerinden Suriye&#8217;ye geldiklerine ili\u015fkin haber konusunda ise Muallim; bu haberi ne do\u011frulayabilece\u011fini ne de yalanlayabilece\u011fini, fakat Suriye ve Rusya aras\u0131nda ter\u00f6re kar\u015f\u0131 olduk\u00e7a derin ve stratejik ili\u015fkilerin bulundu\u011funu belirtebilece\u011fini s\u00f6yledi.<\/p>\n","protected":false},"excerpt":{"rendered":"<p>\u015eAM \u2013 Ba\u015fbakan Yard\u0131mc\u0131s\u0131 D\u0131\u015fi\u015fleri ve Gurbet\u00e7iler Bakan\u0131 Velid el Muallim; ter\u00f6r\u00fcn sadece Suriye ve Irak\u2019\u0131n de\u011fil, t\u00fcm d\u00fcnyan\u0131n temel sorunu oldu\u011funu belirtirken; Suriye ordusunun y\u00fcksek bir duyarl\u0131l\u0131k ve \u00f6zveriyle \u00fcst\u00fcne d\u00fc\u015fen sorumlulu\u011fu ba\u015far\u0131yla \u00fcstlendi\u011fini kan\u0131tlad\u0131\u011f\u0131n\u0131 belirtti. Suriye uydu kanal\u0131 ve \u0130hbariye kanal\u0131 ile \u00f6zel m\u00fclakat\u0131nda Muallim; Suriye&#8217;nin, kimi devletler taraf\u0131ndan temin edilen geli\u015fmi\u015f nitelikli &hellip;<\/p>\n","protected":false},"author":1,"featured_media":47179,"comment_status":"closed","ping_status":"closed","sticky":false,"template":"","format":"standard","meta":{"footnotes":""},"categories":[479,2554,2555,478],"tags":[16772,16787],"class_list":["post-47178","post","type-post","status-publish","format-standard","has-post-thumbnail","","category-haberler-yerel","category-suriye-ve-dunya","category-suriye-ve-turkiye","category-yerel","tag-basbakan-yardimcisi-disisleri-ve-gurbetciler-bakani-velid-el-muallim","tag-turkiyenin-isid-ile-savasacagina-inanmiyorum-gerekmesi-durumunda-dost-ulkerlerden-talep-edecegiz"],"_links":{"self":[{"href":"https:\/\/archive.sana.sy\/tr\/index.php?rest_route=\/wp\/v2\/posts\/47178","targetHints":{"allow":["GET"]}}],"collection":[{"href":"https:\/\/archive.sana.sy\/tr\/index.php?rest_route=\/wp\/v2\/posts"}],"about":[{"href":"https:\/\/archive.sana.sy\/tr\/index.php?rest_route=\/wp\/v2\/types\/post"}],"author":[{"embeddable":true,"href":"https:\/\/archive.sana.sy\/tr\/index.php?rest_route=\/wp\/v2\/users\/1"}],"replies":[{"embeddable":true,"href":"https:\/\/archive.sana.sy\/tr\/index.php?rest_route=%2Fwp%2Fv2%2Fcomments&post=47178"}],"version-history":[{"count":0,"href":"https:\/\/archive.sana.sy\/tr\/index.php?rest_route=\/wp\/v2\/posts\/47178\/revisions"}],"wp:featuredmedia":[{"embeddable":true,"href":"https:\/\/archive.sana.sy\/tr\/index.php?rest_route=\/wp\/v2\/media\/47179"}],"wp:attachment":[{"href":"https:\/\/archive.sana.sy\/tr\/index.php?rest_route=%2Fwp%2Fv2%2Fmedia&parent=47178"}],"wp:term":[{"taxonomy":"category","embeddable":true,"href":"https:\/\/archive.sana.sy\/tr\/index.php?rest_route=%2Fwp%2Fv2%2Fcategories&post=47178"},{"taxonomy":"post_tag","embeddable":true,"href":"https:\/\/archive.sana.sy\/tr\/index.php?rest_route=%2Fwp%2Fv2%2Ftags&post=47178"}],"curies":[{"name":"wp","href":"https:\/\/api.w.org\/{rel}","templated":true}]}}