{"id":47213,"date":"2015-09-19T11:00:28","date_gmt":"2015-09-19T08:00:28","guid":{"rendered":"http:\/\/sana.sy\/tr\/?p=47213"},"modified":"2015-09-19T13:22:46","modified_gmt":"2015-09-19T10:22:46","slug":"ordu-birliklerimiz-lazkiye-kirsalinin-kuzeyinde-erdogan-rejiminin-turkiye-dahil-muhtelif-devletlerden-toplayip-suriye-muhalefeti-olarak-silahlarla-donatmasi-ardindan-suriye-halkina-k","status":"publish","type":"post","link":"https:\/\/archive.sana.sy\/tr\/?p=47213","title":{"rendered":"Ordu birliklerimiz Lazkiye k\u0131rsal\u0131n\u0131n kuzeyinde Erdo\u011fan rejiminin T\u00fcrkiye dahil muhtelif devletlerden toplay\u0131p \u2018Suriye muhalefeti\u2019 olarak silahlarla donatmas\u0131 ard\u0131ndan Suriye halk\u0131na kar\u015f\u0131 sald\u0131\u011f\u0131 tekfirci ve az\u0131l\u0131 katillere kar\u015f\u0131 operasyonlar\u0131 kapsam\u0131nda bug\u00fcn en az\u0131ndan 80 ter\u00f6risti \u00f6ld\u00fcr\u00fcrken, 7 arac\u0131 da y\u00fckleriyle birlikte imha etti"},"content":{"rendered":"<p>Ordu birliklerimiz Lazkiye k\u0131rsal\u0131n\u0131n kuzeyinde Erdo\u011fan rejiminin T\u00fcrkiye dahil muhtelif devletlerden toplay\u0131p \u2018Suriye muhalefeti\u2019 olarak silahlarla donatmas\u0131 ard\u0131ndan Suriye halk\u0131na kar\u015f\u0131 sald\u0131\u011f\u0131 tekfirci ve az\u0131l\u0131 katillere kar\u015f\u0131 operasyonlar\u0131 kapsam\u0131nda bug\u00fcn en az\u0131ndan 80 ter\u00f6risti \u00f6ld\u00fcr\u00fcrken, 7 arac\u0131 da y\u00fckleriyle birlikte imha etti<\/p>\n","protected":false},"excerpt":{"rendered":"<p>Ordu birliklerimiz Lazkiye k\u0131rsal\u0131n\u0131n kuzeyinde Erdo\u011fan rejiminin T\u00fcrkiye dahil muhtelif devletlerden toplay\u0131p \u2018Suriye muhalefeti\u2019 olarak silahlarla donatmas\u0131 ard\u0131ndan Suriye halk\u0131na kar\u015f\u0131 sald\u0131\u011f\u0131 tekfirci ve az\u0131l\u0131 katillere kar\u015f\u0131 operasyonlar\u0131 kapsam\u0131nda bug\u00fcn en az\u0131ndan 80 ter\u00f6risti \u00f6ld\u00fcr\u00fcrken, 7 arac\u0131 da y\u00fckleriyle birlikte imha etti<\/p>\n","protected":false},"author":1,"featured_media":0,"comment_status":"closed","ping_status":"closed","sticky":false,"template":"","format":"standard","meta":{"footnotes":""},"categories":[1],"tags":[],"class_list":["post-47213","post","type-post","status-publish","format-standard","","category-news-not-sorted"],"_links":{"self":[{"href":"https:\/\/archive.sana.sy\/tr\/index.php?rest_route=\/wp\/v2\/posts\/47213","targetHints":{"allow":["GET"]}}],"collection":[{"href":"https:\/\/archive.sana.sy\/tr\/index.php?rest_route=\/wp\/v2\/posts"}],"about":[{"href":"https:\/\/archive.sana.sy\/tr\/index.php?rest_route=\/wp\/v2\/types\/post"}],"author":[{"embeddable":true,"href":"https:\/\/archive.sana.sy\/tr\/index.php?rest_route=\/wp\/v2\/users\/1"}],"replies":[{"embeddable":true,"href":"https:\/\/archive.sana.sy\/tr\/index.php?rest_route=%2Fwp%2Fv2%2Fcomments&post=47213"}],"version-history":[{"count":0,"href":"https:\/\/archive.sana.sy\/tr\/index.php?rest_route=\/wp\/v2\/posts\/47213\/revisions"}],"wp:attachment":[{"href":"https:\/\/archive.sana.sy\/tr\/index.php?rest_route=%2Fwp%2Fv2%2Fmedia&parent=47213"}],"wp:term":[{"taxonomy":"category","embeddable":true,"href":"https:\/\/archive.sana.sy\/tr\/index.php?rest_route=%2Fwp%2Fv2%2Fcategories&post=47213"},{"taxonomy":"post_tag","embeddable":true,"href":"https:\/\/archive.sana.sy\/tr\/index.php?rest_route=%2Fwp%2Fv2%2Ftags&post=47213"}],"curies":[{"name":"wp","href":"https:\/\/api.w.org\/{rel}","templated":true}]}}